{"id":3129,"date":"2019-05-08T15:33:18","date_gmt":"2019-05-08T15:33:18","guid":{"rendered":"http:\/\/lesvolcansnews.net\/?p=3129"},"modified":"2019-05-08T15:33:36","modified_gmt":"2019-05-08T15:33:36","slug":"goma-journee-porte-ouverte-en-faveur-des-membres%ef%bb%bf-du-rfedi","status":"publish","type":"post","link":"https:\/\/lesvolcansnews.net\/?p=3129","title":{"rendered":"Goma: Journ\u00e9e  porte ouverte en faveur  des membres\ufeff du RFEDI"},"content":{"rendered":"\n<p><strong><br><\/strong><\/p>\n\n\n\n<p>Mme\nAnnie Pengele, coordonnatrice de R\u00e9veil des Femmes pour le D\u00e9veloppement\nInt\u00e9gr\u00e9, RFEDI en signe, a organis\u00e9 en partenariat avec l\u2019USAID ce mercredi au\nstade de l\u2019ISC de Goma, une journ\u00e9e porte ouverte sur la construction de\nleadership transformationnel des femmes et autres groupes marginalis\u00e9s pour\nleur inclusion dans le processus de paix au Nord-Kivu. <\/p>\n\n\n\n<p>Selon\nMme Pengele, cette activit\u00e9 s\u2019inscrit dans le cadre du projet \u00ab&nbsp;solutions\npour la paix\/Amani kwa Maendeleo&nbsp;\u00bb.<\/p>\n\n\n\n<p>Tout\nau long de l\u2019ann\u00e9e 2018, son organisation a accompagn\u00e9 les clubs des mentorats\ndans onze (11) quartiers de la ville de Goma, soit au total 220 personnes qui\nont b\u00e9n\u00e9fici\u00e9 de cette approche en raison de 20 membres&nbsp; par club. <\/p>\n\n\n\n<p>Cette\napproche mentorat, consiste &nbsp;\u00e0 aider, \u00e0\ncr\u00e9er et \u00e0 susciter &nbsp;le leadership au sein des femmes et personnes\nmarginalis\u00e9s qui subissent des formations sur plusieurs th\u00e8mes afin de devenir\ndans l\u2019avenir des leaders dans la communaut\u00e9, a-t-elle conclu.<\/p>\n\n\n\n<p>Signalons\nque, l\u2019activit\u00e9 a \u00e9t\u00e9 cl\u00f4tur\u00e9e par des sketchs, chants et t\u00e9moignages sur les\nbienfaits de l\u2019approche mentorat pour les b\u00e9n\u00e9ficiaires notamment, les femmes\net autres groupes marginalis\u00e9s.<\/p>\n\n\n\n<p><strong>Anna Ndoole<\/strong><\/p>\n","protected":false},"excerpt":{"rendered":"<p>Mme Annie Pengele, coordonnatrice de R\u00e9veil des Femmes pour le D\u00e9veloppement Int\u00e9gr\u00e9, RFEDI en signe, a organis\u00e9 en partenariat avec l\u2019USAID ce mercredi au stade de l\u2019ISC de Goma, une<\/p>\n","protected":false},"author":14,"featured_media":3132,"comment_status":"open","ping_status":"open","sticky":false,"template":"","format":"standard","meta":{"footnotes":""},"categories":[9],"tags":[],"class_list":["post-3129","post","type-post","status-publish","format-standard","has-post-thumbnail","hentry","category-societe"],"yoast_head":"<!-- This site is optimized with the Yoast SEO plugin v27.3 - https:\/\/yoast.com\/product\/yoast-seo-wordpress\/ -->\n<title>Goma: Journ\u00e9e porte ouverte en faveur des membres\ufeff du RFEDI - LES VOLCANS NEWS<\/title>\n<meta name=\"robots\" content=\"index, follow, max-snippet:-1, max-image-preview:large, max-video-preview:-1\" \/>\n<link rel=\"canonical\" href=\"https:\/\/lesvolcansnews.net\/?p=3129\" \/>\n<meta property=\"og:locale\" content=\"fr_FR\" \/>\n<meta property=\"og:type\" content=\"article\" \/>\n<meta property=\"og:title\" content=\"Goma: Journ\u00e9e porte ouverte en faveur des membres\ufeff du RFEDI - LES VOLCANS NEWS\" \/>\n<meta property=\"og:description\" content=\"Mme Annie Pengele, coordonnatrice de R\u00e9veil des Femmes pour le D\u00e9veloppement Int\u00e9gr\u00e9, RFEDI en signe, a organis\u00e9 en partenariat avec l\u2019USAID ce mercredi au stade de l\u2019ISC de Goma, une\" \/>\n<meta property=\"og:url\" content=\"https:\/\/lesvolcansnews.net\/?p=3129\" \/>\n<meta property=\"og:site_name\" content=\"LES VOLCANS NEWS\" \/>\n<meta property=\"article:published_time\" content=\"2019-05-08T15:33:18+00:00\" \/>\n<meta property=\"article:modified_time\" content=\"2019-05-08T15:33:36+00:00\" \/>\n<meta property=\"og:image\" content=\"https:\/\/i0.wp.com\/lesvolcansnews.net\/wp-content\/uploads\/2019\/05\/IMG_20190508_122433-1.jpg?fit=1024%2C768&ssl=1\" \/>\n\t<meta property=\"og:image:width\" content=\"1024\" \/>\n\t<meta property=\"og:image:height\" content=\"768\" \/>\n\t<meta property=\"og:image:type\" content=\"image\/jpeg\" \/>\n<meta name=\"author\" content=\"R\u00e9daction - Les Volcans News\" \/>\n<meta name=\"twitter:card\" content=\"summary_large_image\" \/>\n<meta name=\"twitter:label1\" content=\"\u00c9crit par\" \/>\n\t<meta name=\"twitter:data1\" content=\"R\u00e9daction - Les Volcans News\" \/>\n\t<meta name=\"twitter:label2\" content=\"Dur\u00e9e de lecture estim\u00e9e\" \/>\n\t<meta name=\"twitter:data2\" content=\"1 minute\" \/>\n<script type=\"application\/ld+json\" class=\"yoast-schema-graph\">{\"@context\":\"https:\\\/\\\/schema.org\",\"@graph\":[{\"@type\":\"Article\",\"@id\":\"https:\\\/\\\/lesvolcansnews.net\\\/?p=3129#article\",\"isPartOf\":{\"@id\":\"https:\\\/\\\/lesvolcansnews.net\\\/?p=3129\"},\"author\":{\"name\":\"R\u00e9daction - Les Volcans News\",\"@id\":\"https:\\\/\\\/lesvolcansnews.net\\\/#\\\/schema\\\/person\\\/82c8bed2e77879ecf6cca63441f57354\"},\"headline\":\"Goma: Journ\u00e9e porte ouverte en faveur des membres\ufeff du RFEDI\",\"datePublished\":\"2019-05-08T15:33:18+00:00\",\"dateModified\":\"2019-05-08T15:33:36+00:00\",\"mainEntityOfPage\":{\"@id\":\"https:\\\/\\\/lesvolcansnews.net\\\/?p=3129\"},\"wordCount\":216,\"commentCount\":0,\"image\":{\"@id\":\"https:\\\/\\\/lesvolcansnews.net\\\/?p=3129#primaryimage\"},\"thumbnailUrl\":\"https:\\\/\\\/lesvolcansnews.net\\\/wp-content\\\/uploads\\\/2019\\\/05\\\/IMG_20190508_122433-1.jpg\",\"articleSection\":[\"SOCIET\u00c9\"],\"inLanguage\":\"fr-FR\",\"potentialAction\":[{\"@type\":\"CommentAction\",\"name\":\"Comment\",\"target\":[\"https:\\\/\\\/lesvolcansnews.net\\\/?p=3129#respond\"]}]},{\"@type\":\"WebPage\",\"@id\":\"https:\\\/\\\/lesvolcansnews.net\\\/?p=3129\",\"url\":\"https:\\\/\\\/lesvolcansnews.net\\\/?p=3129\",\"name\":\"Goma: Journ\u00e9e porte ouverte en faveur des membres\ufeff du RFEDI - LES VOLCANS NEWS\",\"isPartOf\":{\"@id\":\"https:\\\/\\\/lesvolcansnews.net\\\/#website\"},\"primaryImageOfPage\":{\"@id\":\"https:\\\/\\\/lesvolcansnews.net\\\/?p=3129#primaryimage\"},\"image\":{\"@id\":\"https:\\\/\\\/lesvolcansnews.net\\\/?p=3129#primaryimage\"},\"thumbnailUrl\":\"https:\\\/\\\/lesvolcansnews.net\\\/wp-content\\\/uploads\\\/2019\\\/05\\\/IMG_20190508_122433-1.jpg\",\"datePublished\":\"2019-05-08T15:33:18+00:00\",\"dateModified\":\"2019-05-08T15:33:36+00:00\",\"author\":{\"@id\":\"https:\\\/\\\/lesvolcansnews.net\\\/#\\\/schema\\\/person\\\/82c8bed2e77879ecf6cca63441f57354\"},\"breadcrumb\":{\"@id\":\"https:\\\/\\\/lesvolcansnews.net\\\/?p=3129#breadcrumb\"},\"inLanguage\":\"fr-FR\",\"potentialAction\":[{\"@type\":\"ReadAction\",\"target\":[\"https:\\\/\\\/lesvolcansnews.net\\\/?p=3129\"]}]},{\"@type\":\"ImageObject\",\"inLanguage\":\"fr-FR\",\"@id\":\"https:\\\/\\\/lesvolcansnews.net\\\/?p=3129#primaryimage\",\"url\":\"https:\\\/\\\/lesvolcansnews.net\\\/wp-content\\\/uploads\\\/2019\\\/05\\\/IMG_20190508_122433-1.jpg\",\"contentUrl\":\"https:\\\/\\\/lesvolcansnews.net\\\/wp-content\\\/uploads\\\/2019\\\/05\\\/IMG_20190508_122433-1.jpg\",\"width\":1024,\"height\":768},{\"@type\":\"BreadcrumbList\",\"@id\":\"https:\\\/\\\/lesvolcansnews.net\\\/?p=3129#breadcrumb\",\"itemListElement\":[{\"@type\":\"ListItem\",\"position\":1,\"name\":\"Accueil\",\"item\":\"https:\\\/\\\/lesvolcansnews.net\\\/\"},{\"@type\":\"ListItem\",\"position\":2,\"name\":\"Goma: Journ\u00e9e porte ouverte en faveur des membres\ufeff du RFEDI\"}]},{\"@type\":\"WebSite\",\"@id\":\"https:\\\/\\\/lesvolcansnews.net\\\/#website\",\"url\":\"https:\\\/\\\/lesvolcansnews.net\\\/\",\"name\":\"LES VOLCANS NEWS\",\"description\":\"L&#039;INFORMATION C&#039;EST NOUS\",\"potentialAction\":[{\"@type\":\"SearchAction\",\"target\":{\"@type\":\"EntryPoint\",\"urlTemplate\":\"https:\\\/\\\/lesvolcansnews.net\\\/?s={search_term_string}\"},\"query-input\":{\"@type\":\"PropertyValueSpecification\",\"valueRequired\":true,\"valueName\":\"search_term_string\"}}],\"inLanguage\":\"fr-FR\"},{\"@type\":\"Person\",\"@id\":\"https:\\\/\\\/lesvolcansnews.net\\\/#\\\/schema\\\/person\\\/82c8bed2e77879ecf6cca63441f57354\",\"name\":\"R\u00e9daction - Les Volcans News\",\"image\":{\"@type\":\"ImageObject\",\"inLanguage\":\"fr-FR\",\"@id\":\"https:\\\/\\\/secure.gravatar.com\\\/avatar\\\/8408942dd851e8a9c09f3d382a661bc05d2b3cd9002139bc1795b9528cdc6c80?s=96&d=mm&r=g\",\"url\":\"https:\\\/\\\/secure.gravatar.com\\\/avatar\\\/8408942dd851e8a9c09f3d382a661bc05d2b3cd9002139bc1795b9528cdc6c80?s=96&d=mm&r=g\",\"contentUrl\":\"https:\\\/\\\/secure.gravatar.com\\\/avatar\\\/8408942dd851e8a9c09f3d382a661bc05d2b3cd9002139bc1795b9528cdc6c80?s=96&d=mm&r=g\",\"caption\":\"R\u00e9daction - Les Volcans News\"},\"url\":\"https:\\\/\\\/lesvolcansnews.net\\\/?author=14\"}]}<\/script>\n<!-- \/ Yoast SEO plugin. -->","yoast_head_json":{"title":"Goma: Journ\u00e9e porte ouverte en faveur des membres\ufeff du RFEDI - LES VOLCANS NEWS","robots":{"index":"index","follow":"follow","max-snippet":"max-snippet:-1","max-image-preview":"max-image-preview:large","max-video-preview":"max-video-preview:-1"},"canonical":"https:\/\/lesvolcansnews.net\/?p=3129","og_locale":"fr_FR","og_type":"article","og_title":"Goma: Journ\u00e9e porte ouverte en faveur des membres\ufeff du RFEDI - LES VOLCANS NEWS","og_description":"Mme Annie Pengele, coordonnatrice de R\u00e9veil des Femmes pour le D\u00e9veloppement Int\u00e9gr\u00e9, RFEDI en signe, a organis\u00e9 en partenariat avec l\u2019USAID ce mercredi au stade de l\u2019ISC de Goma, une","og_url":"https:\/\/lesvolcansnews.net\/?p=3129","og_site_name":"LES VOLCANS NEWS","article_published_time":"2019-05-08T15:33:18+00:00","article_modified_time":"2019-05-08T15:33:36+00:00","og_image":[{"width":1024,"height":768,"url":"https:\/\/i0.wp.com\/lesvolcansnews.net\/wp-content\/uploads\/2019\/05\/IMG_20190508_122433-1.jpg?fit=1024%2C768&ssl=1","type":"image\/jpeg"}],"author":"R\u00e9daction - Les Volcans News","twitter_card":"summary_large_image","twitter_misc":{"\u00c9crit par":"R\u00e9daction - Les Volcans News","Dur\u00e9e de lecture estim\u00e9e":"1 minute"},"schema":{"@context":"https:\/\/schema.org","@graph":[{"@type":"Article","@id":"https:\/\/lesvolcansnews.net\/?p=3129#article","isPartOf":{"@id":"https:\/\/lesvolcansnews.net\/?p=3129"},"author":{"name":"R\u00e9daction - Les Volcans News","@id":"https:\/\/lesvolcansnews.net\/#\/schema\/person\/82c8bed2e77879ecf6cca63441f57354"},"headline":"Goma: Journ\u00e9e porte ouverte en faveur des membres\ufeff du RFEDI","datePublished":"2019-05-08T15:33:18+00:00","dateModified":"2019-05-08T15:33:36+00:00","mainEntityOfPage":{"@id":"https:\/\/lesvolcansnews.net\/?p=3129"},"wordCount":216,"commentCount":0,"image":{"@id":"https:\/\/lesvolcansnews.net\/?p=3129#primaryimage"},"thumbnailUrl":"https:\/\/lesvolcansnews.net\/wp-content\/uploads\/2019\/05\/IMG_20190508_122433-1.jpg","articleSection":["SOCIET\u00c9"],"inLanguage":"fr-FR","potentialAction":[{"@type":"CommentAction","name":"Comment","target":["https:\/\/lesvolcansnews.net\/?p=3129#respond"]}]},{"@type":"WebPage","@id":"https:\/\/lesvolcansnews.net\/?p=3129","url":"https:\/\/lesvolcansnews.net\/?p=3129","name":"Goma: Journ\u00e9e porte ouverte en faveur des membres\ufeff du RFEDI - LES VOLCANS NEWS","isPartOf":{"@id":"https:\/\/lesvolcansnews.net\/#website"},"primaryImageOfPage":{"@id":"https:\/\/lesvolcansnews.net\/?p=3129#primaryimage"},"image":{"@id":"https:\/\/lesvolcansnews.net\/?p=3129#primaryimage"},"thumbnailUrl":"https:\/\/lesvolcansnews.net\/wp-content\/uploads\/2019\/05\/IMG_20190508_122433-1.jpg","datePublished":"2019-05-08T15:33:18+00:00","dateModified":"2019-05-08T15:33:36+00:00","author":{"@id":"https:\/\/lesvolcansnews.net\/#\/schema\/person\/82c8bed2e77879ecf6cca63441f57354"},"breadcrumb":{"@id":"https:\/\/lesvolcansnews.net\/?p=3129#breadcrumb"},"inLanguage":"fr-FR","potentialAction":[{"@type":"ReadAction","target":["https:\/\/lesvolcansnews.net\/?p=3129"]}]},{"@type":"ImageObject","inLanguage":"fr-FR","@id":"https:\/\/lesvolcansnews.net\/?p=3129#primaryimage","url":"https:\/\/lesvolcansnews.net\/wp-content\/uploads\/2019\/05\/IMG_20190508_122433-1.jpg","contentUrl":"https:\/\/lesvolcansnews.net\/wp-content\/uploads\/2019\/05\/IMG_20190508_122433-1.jpg","width":1024,"height":768},{"@type":"BreadcrumbList","@id":"https:\/\/lesvolcansnews.net\/?p=3129#breadcrumb","itemListElement":[{"@type":"ListItem","position":1,"name":"Accueil","item":"https:\/\/lesvolcansnews.net\/"},{"@type":"ListItem","position":2,"name":"Goma: Journ\u00e9e porte ouverte en faveur des membres\ufeff du RFEDI"}]},{"@type":"WebSite","@id":"https:\/\/lesvolcansnews.net\/#website","url":"https:\/\/lesvolcansnews.net\/","name":"LES VOLCANS NEWS","description":"L&#039;INFORMATION C&#039;EST NOUS","potentialAction":[{"@type":"SearchAction","target":{"@type":"EntryPoint","urlTemplate":"https:\/\/lesvolcansnews.net\/?s={search_term_string}"},"query-input":{"@type":"PropertyValueSpecification","valueRequired":true,"valueName":"search_term_string"}}],"inLanguage":"fr-FR"},{"@type":"Person","@id":"https:\/\/lesvolcansnews.net\/#\/schema\/person\/82c8bed2e77879ecf6cca63441f57354","name":"R\u00e9daction - Les Volcans News","image":{"@type":"ImageObject","inLanguage":"fr-FR","@id":"https:\/\/secure.gravatar.com\/avatar\/8408942dd851e8a9c09f3d382a661bc05d2b3cd9002139bc1795b9528cdc6c80?s=96&d=mm&r=g","url":"https:\/\/secure.gravatar.com\/avatar\/8408942dd851e8a9c09f3d382a661bc05d2b3cd9002139bc1795b9528cdc6c80?s=96&d=mm&r=g","contentUrl":"https:\/\/secure.gravatar.com\/avatar\/8408942dd851e8a9c09f3d382a661bc05d2b3cd9002139bc1795b9528cdc6c80?s=96&d=mm&r=g","caption":"R\u00e9daction - Les Volcans News"},"url":"https:\/\/lesvolcansnews.net\/?author=14"}]}},"_links":{"self":[{"href":"https:\/\/lesvolcansnews.net\/index.php?rest_route=\/wp\/v2\/posts\/3129","targetHints":{"allow":["GET"]}}],"collection":[{"href":"https:\/\/lesvolcansnews.net\/index.php?rest_route=\/wp\/v2\/posts"}],"about":[{"href":"https:\/\/lesvolcansnews.net\/index.php?rest_route=\/wp\/v2\/types\/post"}],"author":[{"embeddable":true,"href":"https:\/\/lesvolcansnews.net\/index.php?rest_route=\/wp\/v2\/users\/14"}],"replies":[{"embeddable":true,"href":"https:\/\/lesvolcansnews.net\/index.php?rest_route=%2Fwp%2Fv2%2Fcomments&post=3129"}],"version-history":[{"count":2,"href":"https:\/\/lesvolcansnews.net\/index.php?rest_route=\/wp\/v2\/posts\/3129\/revisions"}],"predecessor-version":[{"id":3133,"href":"https:\/\/lesvolcansnews.net\/index.php?rest_route=\/wp\/v2\/posts\/3129\/revisions\/3133"}],"wp:featuredmedia":[{"embeddable":true,"href":"https:\/\/lesvolcansnews.net\/index.php?rest_route=\/wp\/v2\/media\/3132"}],"wp:attachment":[{"href":"https:\/\/lesvolcansnews.net\/index.php?rest_route=%2Fwp%2Fv2%2Fmedia&parent=3129"}],"wp:term":[{"taxonomy":"category","embeddable":true,"href":"https:\/\/lesvolcansnews.net\/index.php?rest_route=%2Fwp%2Fv2%2Fcategories&post=3129"},{"taxonomy":"post_tag","embeddable":true,"href":"https:\/\/lesvolcansnews.net\/index.php?rest_route=%2Fwp%2Fv2%2Ftags&post=3129"}],"curies":[{"name":"wp","href":"https:\/\/api.w.org\/{rel}","templated":true}]}}