{"id":3118,"date":"2019-05-07T15:48:00","date_gmt":"2019-05-07T15:48:00","guid":{"rendered":"https:\/\/lesvolcansnews.net\/2019\/05\/07\/assemblee-provinciale-du-nord-kivu-validation-des-mandats-de-4-chefs-coutumiers-et-8-suppleants\/"},"modified":"2019-05-07T15:48:00","modified_gmt":"2019-05-07T15:48:00","slug":"assemblee-provinciale-du-nord-kivu-validation-des-mandats-de-4-chefs-coutumiers-et-8-suppleants","status":"publish","type":"post","link":"https:\/\/lesvolcansnews.net\/?p=3118","title":{"rendered":"Assembl\u00e9e provinciale du Nord-Kivu: Validation des mandats de 4 chefs coutumiers et 8 suppl\u00e9ants"},"content":{"rendered":"<p>Le bureau provisoire de l\u2019assembl\u00e9e provincial du Nord-Kivu, a valid\u00e9 ce lundi, les mandats de quatre (4) chefs coutumiers et huit (8) suppl\u00e9ants, au cours d\u2019une s\u00e9ance pl\u00e9ni\u00e8re organis\u00e9e dans la salle de la BDEGL.<br \/>\nLes d\u00e9put\u00e9s provinciaux qui ont pris part \u00e0 cette s\u00e9ance pl\u00e9ni\u00e8re, ont adopt\u00e9s et vot\u00e9s \u00e0 l\u2019unanimit\u00e9 les conclusions des rapports de la commission charg\u00e9e de la validation des chefs coutumiers copt\u00e9s par ses pairs et celui de la v\u00e9rification des dossiers des suppl\u00e9ants des d\u00e9put\u00e9s qui ont le double mandat et qui ont choisi de si\u00e9ger \u00e0 l\u2019assembl\u00e9e nationale. Il s\u2019agit des chefs coutumiers venant du territoire de Nyiragongo, Masisi, Lubero et Beni, respectivement les chefs coutumiers MM. Lebon Bakungu Bigaruka, Nicolas Kalinda, Sondoli Shabani et Saa Mbili Bamukoka.<br \/>\nLa pl\u00e9ni\u00e8re a enfin adopt\u00e9 article par article, le projet de r\u00e8glement d\u2019ordre int\u00e9rieur de cet organe d\u00e9lib\u00e9rant, qui a au total pour cette deuxi\u00e8me l\u00e9gislature 228 articles.<\/p>\n<p><strong><em>Anna Ndoole<\/em><\/strong><\/p>\n","protected":false},"excerpt":{"rendered":"<p>Le bureau provisoire de l\u2019assembl\u00e9e provincial du Nord-Kivu, a valid\u00e9 ce lundi, les mandats de quatre (4) chefs coutumiers et huit (8) suppl\u00e9ants, au cours d\u2019une s\u00e9ance pl\u00e9ni\u00e8re organis\u00e9e dans<\/p>\n","protected":false},"author":14,"featured_media":3004,"comment_status":"open","ping_status":"open","sticky":false,"template":"","format":"standard","meta":{"footnotes":""},"categories":[27],"tags":[],"class_list":["post-3118","post","type-post","status-publish","format-standard","has-post-thumbnail","hentry","category-politique"],"yoast_head":"<!-- This site is optimized with the Yoast SEO plugin v27.3 - https:\/\/yoast.com\/product\/yoast-seo-wordpress\/ -->\n<title>Assembl\u00e9e provinciale du Nord-Kivu: Validation des mandats de 4 chefs coutumiers et 8 suppl\u00e9ants - LES VOLCANS NEWS<\/title>\n<meta name=\"robots\" content=\"index, follow, max-snippet:-1, max-image-preview:large, max-video-preview:-1\" \/>\n<link rel=\"canonical\" href=\"https:\/\/lesvolcansnews.net\/?p=3118\" \/>\n<meta property=\"og:locale\" content=\"fr_FR\" \/>\n<meta property=\"og:type\" content=\"article\" \/>\n<meta property=\"og:title\" content=\"Assembl\u00e9e provinciale du Nord-Kivu: Validation des mandats de 4 chefs coutumiers et 8 suppl\u00e9ants - LES VOLCANS NEWS\" \/>\n<meta property=\"og:description\" content=\"Le bureau provisoire de l\u2019assembl\u00e9e provincial du Nord-Kivu, a valid\u00e9 ce lundi, les mandats de quatre (4) chefs coutumiers et huit (8) suppl\u00e9ants, au cours d\u2019une s\u00e9ance pl\u00e9ni\u00e8re organis\u00e9e dans\" \/>\n<meta property=\"og:url\" content=\"https:\/\/lesvolcansnews.net\/?p=3118\" \/>\n<meta property=\"og:site_name\" content=\"LES VOLCANS NEWS\" \/>\n<meta property=\"article:published_time\" content=\"2019-05-07T15:48:00+00:00\" \/>\n<meta property=\"og:image\" content=\"https:\/\/i0.wp.com\/lesvolcansnews.net\/wp-content\/uploads\/2019\/04\/IMG-20190427-WA0021.jpg?fit=1080%2C931&ssl=1\" \/>\n\t<meta property=\"og:image:width\" content=\"1080\" \/>\n\t<meta property=\"og:image:height\" content=\"931\" \/>\n\t<meta property=\"og:image:type\" content=\"image\/jpeg\" \/>\n<meta name=\"author\" content=\"R\u00e9daction - Les Volcans News\" \/>\n<meta name=\"twitter:card\" content=\"summary_large_image\" \/>\n<meta name=\"twitter:label1\" content=\"\u00c9crit par\" \/>\n\t<meta name=\"twitter:data1\" content=\"R\u00e9daction - Les Volcans News\" \/>\n\t<meta name=\"twitter:label2\" content=\"Dur\u00e9e de lecture estim\u00e9e\" \/>\n\t<meta name=\"twitter:data2\" content=\"1 minute\" \/>\n<script type=\"application\/ld+json\" class=\"yoast-schema-graph\">{\"@context\":\"https:\\\/\\\/schema.org\",\"@graph\":[{\"@type\":\"Article\",\"@id\":\"https:\\\/\\\/lesvolcansnews.net\\\/?p=3118#article\",\"isPartOf\":{\"@id\":\"https:\\\/\\\/lesvolcansnews.net\\\/?p=3118\"},\"author\":{\"name\":\"R\u00e9daction - Les Volcans News\",\"@id\":\"https:\\\/\\\/lesvolcansnews.net\\\/#\\\/schema\\\/person\\\/82c8bed2e77879ecf6cca63441f57354\"},\"headline\":\"Assembl\u00e9e provinciale du Nord-Kivu: Validation des mandats de 4 chefs coutumiers et 8 suppl\u00e9ants\",\"datePublished\":\"2019-05-07T15:48:00+00:00\",\"mainEntityOfPage\":{\"@id\":\"https:\\\/\\\/lesvolcansnews.net\\\/?p=3118\"},\"wordCount\":198,\"commentCount\":0,\"image\":{\"@id\":\"https:\\\/\\\/lesvolcansnews.net\\\/?p=3118#primaryimage\"},\"thumbnailUrl\":\"https:\\\/\\\/lesvolcansnews.net\\\/wp-content\\\/uploads\\\/2019\\\/04\\\/IMG-20190427-WA0021.jpg\",\"articleSection\":[\"POLITIQUE\"],\"inLanguage\":\"fr-FR\",\"potentialAction\":[{\"@type\":\"CommentAction\",\"name\":\"Comment\",\"target\":[\"https:\\\/\\\/lesvolcansnews.net\\\/?p=3118#respond\"]}]},{\"@type\":\"WebPage\",\"@id\":\"https:\\\/\\\/lesvolcansnews.net\\\/?p=3118\",\"url\":\"https:\\\/\\\/lesvolcansnews.net\\\/?p=3118\",\"name\":\"Assembl\u00e9e provinciale du Nord-Kivu: Validation des mandats de 4 chefs coutumiers et 8 suppl\u00e9ants - LES VOLCANS NEWS\",\"isPartOf\":{\"@id\":\"https:\\\/\\\/lesvolcansnews.net\\\/#website\"},\"primaryImageOfPage\":{\"@id\":\"https:\\\/\\\/lesvolcansnews.net\\\/?p=3118#primaryimage\"},\"image\":{\"@id\":\"https:\\\/\\\/lesvolcansnews.net\\\/?p=3118#primaryimage\"},\"thumbnailUrl\":\"https:\\\/\\\/lesvolcansnews.net\\\/wp-content\\\/uploads\\\/2019\\\/04\\\/IMG-20190427-WA0021.jpg\",\"datePublished\":\"2019-05-07T15:48:00+00:00\",\"author\":{\"@id\":\"https:\\\/\\\/lesvolcansnews.net\\\/#\\\/schema\\\/person\\\/82c8bed2e77879ecf6cca63441f57354\"},\"breadcrumb\":{\"@id\":\"https:\\\/\\\/lesvolcansnews.net\\\/?p=3118#breadcrumb\"},\"inLanguage\":\"fr-FR\",\"potentialAction\":[{\"@type\":\"ReadAction\",\"target\":[\"https:\\\/\\\/lesvolcansnews.net\\\/?p=3118\"]}]},{\"@type\":\"ImageObject\",\"inLanguage\":\"fr-FR\",\"@id\":\"https:\\\/\\\/lesvolcansnews.net\\\/?p=3118#primaryimage\",\"url\":\"https:\\\/\\\/lesvolcansnews.net\\\/wp-content\\\/uploads\\\/2019\\\/04\\\/IMG-20190427-WA0021.jpg\",\"contentUrl\":\"https:\\\/\\\/lesvolcansnews.net\\\/wp-content\\\/uploads\\\/2019\\\/04\\\/IMG-20190427-WA0021.jpg\",\"width\":1080,\"height\":931},{\"@type\":\"BreadcrumbList\",\"@id\":\"https:\\\/\\\/lesvolcansnews.net\\\/?p=3118#breadcrumb\",\"itemListElement\":[{\"@type\":\"ListItem\",\"position\":1,\"name\":\"Accueil\",\"item\":\"https:\\\/\\\/lesvolcansnews.net\\\/\"},{\"@type\":\"ListItem\",\"position\":2,\"name\":\"Assembl\u00e9e provinciale du Nord-Kivu: Validation des mandats de 4 chefs coutumiers et 8 suppl\u00e9ants\"}]},{\"@type\":\"WebSite\",\"@id\":\"https:\\\/\\\/lesvolcansnews.net\\\/#website\",\"url\":\"https:\\\/\\\/lesvolcansnews.net\\\/\",\"name\":\"LES VOLCANS NEWS\",\"description\":\"L&#039;INFORMATION C&#039;EST NOUS\",\"potentialAction\":[{\"@type\":\"SearchAction\",\"target\":{\"@type\":\"EntryPoint\",\"urlTemplate\":\"https:\\\/\\\/lesvolcansnews.net\\\/?s={search_term_string}\"},\"query-input\":{\"@type\":\"PropertyValueSpecification\",\"valueRequired\":true,\"valueName\":\"search_term_string\"}}],\"inLanguage\":\"fr-FR\"},{\"@type\":\"Person\",\"@id\":\"https:\\\/\\\/lesvolcansnews.net\\\/#\\\/schema\\\/person\\\/82c8bed2e77879ecf6cca63441f57354\",\"name\":\"R\u00e9daction - Les Volcans News\",\"image\":{\"@type\":\"ImageObject\",\"inLanguage\":\"fr-FR\",\"@id\":\"https:\\\/\\\/secure.gravatar.com\\\/avatar\\\/8408942dd851e8a9c09f3d382a661bc05d2b3cd9002139bc1795b9528cdc6c80?s=96&d=mm&r=g\",\"url\":\"https:\\\/\\\/secure.gravatar.com\\\/avatar\\\/8408942dd851e8a9c09f3d382a661bc05d2b3cd9002139bc1795b9528cdc6c80?s=96&d=mm&r=g\",\"contentUrl\":\"https:\\\/\\\/secure.gravatar.com\\\/avatar\\\/8408942dd851e8a9c09f3d382a661bc05d2b3cd9002139bc1795b9528cdc6c80?s=96&d=mm&r=g\",\"caption\":\"R\u00e9daction - Les Volcans News\"},\"url\":\"https:\\\/\\\/lesvolcansnews.net\\\/?author=14\"}]}<\/script>\n<!-- \/ Yoast SEO plugin. -->","yoast_head_json":{"title":"Assembl\u00e9e provinciale du Nord-Kivu: Validation des mandats de 4 chefs coutumiers et 8 suppl\u00e9ants - LES VOLCANS NEWS","robots":{"index":"index","follow":"follow","max-snippet":"max-snippet:-1","max-image-preview":"max-image-preview:large","max-video-preview":"max-video-preview:-1"},"canonical":"https:\/\/lesvolcansnews.net\/?p=3118","og_locale":"fr_FR","og_type":"article","og_title":"Assembl\u00e9e provinciale du Nord-Kivu: Validation des mandats de 4 chefs coutumiers et 8 suppl\u00e9ants - LES VOLCANS NEWS","og_description":"Le bureau provisoire de l\u2019assembl\u00e9e provincial du Nord-Kivu, a valid\u00e9 ce lundi, les mandats de quatre (4) chefs coutumiers et huit (8) suppl\u00e9ants, au cours d\u2019une s\u00e9ance pl\u00e9ni\u00e8re organis\u00e9e dans","og_url":"https:\/\/lesvolcansnews.net\/?p=3118","og_site_name":"LES VOLCANS NEWS","article_published_time":"2019-05-07T15:48:00+00:00","og_image":[{"width":1080,"height":931,"url":"https:\/\/i0.wp.com\/lesvolcansnews.net\/wp-content\/uploads\/2019\/04\/IMG-20190427-WA0021.jpg?fit=1080%2C931&ssl=1","type":"image\/jpeg"}],"author":"R\u00e9daction - Les Volcans News","twitter_card":"summary_large_image","twitter_misc":{"\u00c9crit par":"R\u00e9daction - Les Volcans News","Dur\u00e9e de lecture estim\u00e9e":"1 minute"},"schema":{"@context":"https:\/\/schema.org","@graph":[{"@type":"Article","@id":"https:\/\/lesvolcansnews.net\/?p=3118#article","isPartOf":{"@id":"https:\/\/lesvolcansnews.net\/?p=3118"},"author":{"name":"R\u00e9daction - Les Volcans News","@id":"https:\/\/lesvolcansnews.net\/#\/schema\/person\/82c8bed2e77879ecf6cca63441f57354"},"headline":"Assembl\u00e9e provinciale du Nord-Kivu: Validation des mandats de 4 chefs coutumiers et 8 suppl\u00e9ants","datePublished":"2019-05-07T15:48:00+00:00","mainEntityOfPage":{"@id":"https:\/\/lesvolcansnews.net\/?p=3118"},"wordCount":198,"commentCount":0,"image":{"@id":"https:\/\/lesvolcansnews.net\/?p=3118#primaryimage"},"thumbnailUrl":"https:\/\/lesvolcansnews.net\/wp-content\/uploads\/2019\/04\/IMG-20190427-WA0021.jpg","articleSection":["POLITIQUE"],"inLanguage":"fr-FR","potentialAction":[{"@type":"CommentAction","name":"Comment","target":["https:\/\/lesvolcansnews.net\/?p=3118#respond"]}]},{"@type":"WebPage","@id":"https:\/\/lesvolcansnews.net\/?p=3118","url":"https:\/\/lesvolcansnews.net\/?p=3118","name":"Assembl\u00e9e provinciale du Nord-Kivu: Validation des mandats de 4 chefs coutumiers et 8 suppl\u00e9ants - LES VOLCANS NEWS","isPartOf":{"@id":"https:\/\/lesvolcansnews.net\/#website"},"primaryImageOfPage":{"@id":"https:\/\/lesvolcansnews.net\/?p=3118#primaryimage"},"image":{"@id":"https:\/\/lesvolcansnews.net\/?p=3118#primaryimage"},"thumbnailUrl":"https:\/\/lesvolcansnews.net\/wp-content\/uploads\/2019\/04\/IMG-20190427-WA0021.jpg","datePublished":"2019-05-07T15:48:00+00:00","author":{"@id":"https:\/\/lesvolcansnews.net\/#\/schema\/person\/82c8bed2e77879ecf6cca63441f57354"},"breadcrumb":{"@id":"https:\/\/lesvolcansnews.net\/?p=3118#breadcrumb"},"inLanguage":"fr-FR","potentialAction":[{"@type":"ReadAction","target":["https:\/\/lesvolcansnews.net\/?p=3118"]}]},{"@type":"ImageObject","inLanguage":"fr-FR","@id":"https:\/\/lesvolcansnews.net\/?p=3118#primaryimage","url":"https:\/\/lesvolcansnews.net\/wp-content\/uploads\/2019\/04\/IMG-20190427-WA0021.jpg","contentUrl":"https:\/\/lesvolcansnews.net\/wp-content\/uploads\/2019\/04\/IMG-20190427-WA0021.jpg","width":1080,"height":931},{"@type":"BreadcrumbList","@id":"https:\/\/lesvolcansnews.net\/?p=3118#breadcrumb","itemListElement":[{"@type":"ListItem","position":1,"name":"Accueil","item":"https:\/\/lesvolcansnews.net\/"},{"@type":"ListItem","position":2,"name":"Assembl\u00e9e provinciale du Nord-Kivu: Validation des mandats de 4 chefs coutumiers et 8 suppl\u00e9ants"}]},{"@type":"WebSite","@id":"https:\/\/lesvolcansnews.net\/#website","url":"https:\/\/lesvolcansnews.net\/","name":"LES VOLCANS NEWS","description":"L&#039;INFORMATION C&#039;EST NOUS","potentialAction":[{"@type":"SearchAction","target":{"@type":"EntryPoint","urlTemplate":"https:\/\/lesvolcansnews.net\/?s={search_term_string}"},"query-input":{"@type":"PropertyValueSpecification","valueRequired":true,"valueName":"search_term_string"}}],"inLanguage":"fr-FR"},{"@type":"Person","@id":"https:\/\/lesvolcansnews.net\/#\/schema\/person\/82c8bed2e77879ecf6cca63441f57354","name":"R\u00e9daction - Les Volcans News","image":{"@type":"ImageObject","inLanguage":"fr-FR","@id":"https:\/\/secure.gravatar.com\/avatar\/8408942dd851e8a9c09f3d382a661bc05d2b3cd9002139bc1795b9528cdc6c80?s=96&d=mm&r=g","url":"https:\/\/secure.gravatar.com\/avatar\/8408942dd851e8a9c09f3d382a661bc05d2b3cd9002139bc1795b9528cdc6c80?s=96&d=mm&r=g","contentUrl":"https:\/\/secure.gravatar.com\/avatar\/8408942dd851e8a9c09f3d382a661bc05d2b3cd9002139bc1795b9528cdc6c80?s=96&d=mm&r=g","caption":"R\u00e9daction - Les Volcans News"},"url":"https:\/\/lesvolcansnews.net\/?author=14"}]}},"_links":{"self":[{"href":"https:\/\/lesvolcansnews.net\/index.php?rest_route=\/wp\/v2\/posts\/3118","targetHints":{"allow":["GET"]}}],"collection":[{"href":"https:\/\/lesvolcansnews.net\/index.php?rest_route=\/wp\/v2\/posts"}],"about":[{"href":"https:\/\/lesvolcansnews.net\/index.php?rest_route=\/wp\/v2\/types\/post"}],"author":[{"embeddable":true,"href":"https:\/\/lesvolcansnews.net\/index.php?rest_route=\/wp\/v2\/users\/14"}],"replies":[{"embeddable":true,"href":"https:\/\/lesvolcansnews.net\/index.php?rest_route=%2Fwp%2Fv2%2Fcomments&post=3118"}],"version-history":[{"count":0,"href":"https:\/\/lesvolcansnews.net\/index.php?rest_route=\/wp\/v2\/posts\/3118\/revisions"}],"wp:featuredmedia":[{"embeddable":true,"href":"https:\/\/lesvolcansnews.net\/index.php?rest_route=\/wp\/v2\/media\/3004"}],"wp:attachment":[{"href":"https:\/\/lesvolcansnews.net\/index.php?rest_route=%2Fwp%2Fv2%2Fmedia&parent=3118"}],"wp:term":[{"taxonomy":"category","embeddable":true,"href":"https:\/\/lesvolcansnews.net\/index.php?rest_route=%2Fwp%2Fv2%2Fcategories&post=3118"},{"taxonomy":"post_tag","embeddable":true,"href":"https:\/\/lesvolcansnews.net\/index.php?rest_route=%2Fwp%2Fv2%2Ftags&post=3118"}],"curies":[{"name":"wp","href":"https:\/\/api.w.org\/{rel}","templated":true}]}}