{"id":3091,"date":"2019-05-03T16:34:28","date_gmt":"2019-05-03T16:34:28","guid":{"rendered":"https:\/\/lesvolcansnews.net\/?p=3091"},"modified":"2019-05-03T16:34:34","modified_gmt":"2019-05-03T16:34:34","slug":"kasindi-le-chef-de-poste-de-lenvironnement-et-developpement-durable-suspendu-de-ses-fonctions","status":"publish","type":"post","link":"https:\/\/lesvolcansnews.net\/?p=3091","title":{"rendered":"Kasindi : Le chef de poste de l&#8217;environnement et d\u00e9veloppement durable suspendu de ses fonctions"},"content":{"rendered":"<p>Le chef de poste du service de l&#8217;environnement et de d\u00e9veloppement durable antenne de Kasindi est suspendu de ses fonctions par mesure d&#8217;ordre pr\u00e9ventive.<\/p>\n<p>Dans une correspondance de la division provinciale de l&#8217;environnement dont lesvolcansnews s&#8217;est procur\u00e9 une correspondance, plusieurs griefs p\u00e8sent sur cet agent public de l&#8217;\u00c9tat.<\/p>\n<p>Kabuyaya Shabantu Billy est accus\u00e9 d&#8217;insubordination envers sa hi\u00e9rarchie.<\/p>\n<p>Selon le chef de division provinciale de l&#8217;environnement au Nord-Kivu, Jean Flavien Baseme Birategetse ,<br \/>\nKabuyaya Shabantu est suspendu pour plusieurs causes dont-il s&#8217;agit de ;<\/p>\n<p>&#8211; Refus manifeste de produire le rapport d\u00e9taill\u00e9 sur les statistiques d&#8217;exportation des bois.<\/p>\n<p>&#8211; Incitation aux exploitants forestiers exportateurs de bois au poste de sortie de Kasindi \u00e0 ne pas d\u00e9poser les d\u00e9clarations trimestrielles ainsi que leur autorisation d&#8217;achat et d&#8217;exportation des bois.<\/p>\n<p>&#8211; D\u00e9livrance des certificats phytosanitaires non conforme et sans preuve de payement des textes y aff\u00e9rents.<\/p>\n<p>-Manque de consid\u00e9ration envers les autres agents.<\/p>\n<p>Toutes ces all\u00e9gations sont rejet\u00e9es en bloc par l&#8217;incrimin\u00e9s.<br \/>\nTout en promettant de fournir prochainement plus des pr\u00e9cisions sur cette action disciplinaire ouverte, Kabuyaya Shabantu s&#8217;inscrit en faut contre une mesure disproportionn\u00e9e et complaisante.<\/p>\n<p><strong><em>Remise et reprise<\/em><\/strong><\/p>\n<p>Le chef de poste suspendu du service de l&#8217;environnement et d\u00e9veloppement durable au poste frontalier de KASINDI, KABUYAYA SHABANTU BILLY, a proc\u00e9d\u00e9 jeudi 02 mai 2019 dans son bureau de travail, \u00e0 la remise et reprise avec son int\u00e9rimaire PALUKU CHEKO DANIEL.<\/p>\n<p>C&#8217;\u00e9tait en pr\u00e9sence du chef de bureau provinciale de l&#8217;environnement charg\u00e9 de contr\u00f4le et v\u00e9rification M. Murakirwa Carly ainsi que, le secr\u00e9taire administratif du Fonctionnaire d\u00e9l\u00e9gu\u00e9 du gouverneur affect\u00e9 \u00e0 Kasindi, M. Mbusa Kahiwa que cette c\u00e9r\u00e9monie de remise et reprise entre le suspendu et l&#8217;int\u00e9rimaire a eu lieu peu dans l&#8217;apr\u00e8s-midi.<\/p>\n<p><em><strong>PAUL ZAIDI<\/strong><\/em><\/p>\n","protected":false},"excerpt":{"rendered":"<p>Le chef de poste du service de l&#8217;environnement et de d\u00e9veloppement durable antenne de Kasindi est suspendu de ses fonctions par mesure d&#8217;ordre pr\u00e9ventive. Dans une correspondance de la division<\/p>\n","protected":false},"author":14,"featured_media":3094,"comment_status":"open","ping_status":"open","sticky":false,"template":"","format":"standard","meta":{"footnotes":""},"categories":[9],"tags":[],"class_list":["post-3091","post","type-post","status-publish","format-standard","has-post-thumbnail","hentry","category-societe"],"yoast_head":"<!-- This site is optimized with the Yoast SEO plugin v27.3 - https:\/\/yoast.com\/product\/yoast-seo-wordpress\/ -->\n<title>Kasindi : Le chef de poste de l&#039;environnement et d\u00e9veloppement durable suspendu de ses fonctions - LES VOLCANS NEWS<\/title>\n<meta name=\"robots\" content=\"index, follow, max-snippet:-1, max-image-preview:large, max-video-preview:-1\" \/>\n<link rel=\"canonical\" href=\"https:\/\/lesvolcansnews.net\/?p=3091\" \/>\n<meta property=\"og:locale\" content=\"fr_FR\" \/>\n<meta property=\"og:type\" content=\"article\" \/>\n<meta property=\"og:title\" content=\"Kasindi : Le chef de poste de l&#039;environnement et d\u00e9veloppement durable suspendu de ses fonctions - LES VOLCANS NEWS\" \/>\n<meta property=\"og:description\" content=\"Le chef de poste du service de l&#8217;environnement et de d\u00e9veloppement durable antenne de Kasindi est suspendu de ses fonctions par mesure d&#8217;ordre pr\u00e9ventive. Dans une correspondance de la division\" \/>\n<meta property=\"og:url\" content=\"https:\/\/lesvolcansnews.net\/?p=3091\" \/>\n<meta property=\"og:site_name\" content=\"LES VOLCANS NEWS\" \/>\n<meta property=\"article:published_time\" content=\"2019-05-03T16:34:28+00:00\" \/>\n<meta property=\"article:modified_time\" content=\"2019-05-03T16:34:34+00:00\" \/>\n<meta property=\"og:image\" content=\"https:\/\/i0.wp.com\/lesvolcansnews.net\/wp-content\/uploads\/2019\/05\/IMG-20190503-WA0023.jpg?fit=1080%2C810&ssl=1\" \/>\n\t<meta property=\"og:image:width\" content=\"1080\" \/>\n\t<meta property=\"og:image:height\" content=\"810\" \/>\n\t<meta property=\"og:image:type\" content=\"image\/jpeg\" \/>\n<meta name=\"author\" content=\"R\u00e9daction - Les Volcans News\" \/>\n<meta name=\"twitter:card\" content=\"summary_large_image\" \/>\n<meta name=\"twitter:label1\" content=\"\u00c9crit par\" \/>\n\t<meta name=\"twitter:data1\" content=\"R\u00e9daction - Les Volcans News\" \/>\n\t<meta name=\"twitter:label2\" content=\"Dur\u00e9e de lecture estim\u00e9e\" \/>\n\t<meta name=\"twitter:data2\" content=\"2 minutes\" \/>\n<script type=\"application\/ld+json\" class=\"yoast-schema-graph\">{\"@context\":\"https:\\\/\\\/schema.org\",\"@graph\":[{\"@type\":\"Article\",\"@id\":\"https:\\\/\\\/lesvolcansnews.net\\\/?p=3091#article\",\"isPartOf\":{\"@id\":\"https:\\\/\\\/lesvolcansnews.net\\\/?p=3091\"},\"author\":{\"name\":\"R\u00e9daction - Les Volcans News\",\"@id\":\"https:\\\/\\\/lesvolcansnews.net\\\/#\\\/schema\\\/person\\\/82c8bed2e77879ecf6cca63441f57354\"},\"headline\":\"Kasindi : Le chef de poste de l&#8217;environnement et d\u00e9veloppement durable suspendu de ses fonctions\",\"datePublished\":\"2019-05-03T16:34:28+00:00\",\"dateModified\":\"2019-05-03T16:34:34+00:00\",\"mainEntityOfPage\":{\"@id\":\"https:\\\/\\\/lesvolcansnews.net\\\/?p=3091\"},\"wordCount\":338,\"commentCount\":0,\"image\":{\"@id\":\"https:\\\/\\\/lesvolcansnews.net\\\/?p=3091#primaryimage\"},\"thumbnailUrl\":\"https:\\\/\\\/lesvolcansnews.net\\\/wp-content\\\/uploads\\\/2019\\\/05\\\/IMG-20190503-WA0023.jpg\",\"articleSection\":[\"SOCIET\u00c9\"],\"inLanguage\":\"fr-FR\",\"potentialAction\":[{\"@type\":\"CommentAction\",\"name\":\"Comment\",\"target\":[\"https:\\\/\\\/lesvolcansnews.net\\\/?p=3091#respond\"]}]},{\"@type\":\"WebPage\",\"@id\":\"https:\\\/\\\/lesvolcansnews.net\\\/?p=3091\",\"url\":\"https:\\\/\\\/lesvolcansnews.net\\\/?p=3091\",\"name\":\"Kasindi : Le chef de poste de l'environnement et d\u00e9veloppement durable suspendu de ses fonctions - LES VOLCANS NEWS\",\"isPartOf\":{\"@id\":\"https:\\\/\\\/lesvolcansnews.net\\\/#website\"},\"primaryImageOfPage\":{\"@id\":\"https:\\\/\\\/lesvolcansnews.net\\\/?p=3091#primaryimage\"},\"image\":{\"@id\":\"https:\\\/\\\/lesvolcansnews.net\\\/?p=3091#primaryimage\"},\"thumbnailUrl\":\"https:\\\/\\\/lesvolcansnews.net\\\/wp-content\\\/uploads\\\/2019\\\/05\\\/IMG-20190503-WA0023.jpg\",\"datePublished\":\"2019-05-03T16:34:28+00:00\",\"dateModified\":\"2019-05-03T16:34:34+00:00\",\"author\":{\"@id\":\"https:\\\/\\\/lesvolcansnews.net\\\/#\\\/schema\\\/person\\\/82c8bed2e77879ecf6cca63441f57354\"},\"breadcrumb\":{\"@id\":\"https:\\\/\\\/lesvolcansnews.net\\\/?p=3091#breadcrumb\"},\"inLanguage\":\"fr-FR\",\"potentialAction\":[{\"@type\":\"ReadAction\",\"target\":[\"https:\\\/\\\/lesvolcansnews.net\\\/?p=3091\"]}]},{\"@type\":\"ImageObject\",\"inLanguage\":\"fr-FR\",\"@id\":\"https:\\\/\\\/lesvolcansnews.net\\\/?p=3091#primaryimage\",\"url\":\"https:\\\/\\\/lesvolcansnews.net\\\/wp-content\\\/uploads\\\/2019\\\/05\\\/IMG-20190503-WA0023.jpg\",\"contentUrl\":\"https:\\\/\\\/lesvolcansnews.net\\\/wp-content\\\/uploads\\\/2019\\\/05\\\/IMG-20190503-WA0023.jpg\",\"width\":1080,\"height\":810},{\"@type\":\"BreadcrumbList\",\"@id\":\"https:\\\/\\\/lesvolcansnews.net\\\/?p=3091#breadcrumb\",\"itemListElement\":[{\"@type\":\"ListItem\",\"position\":1,\"name\":\"Accueil\",\"item\":\"https:\\\/\\\/lesvolcansnews.net\\\/\"},{\"@type\":\"ListItem\",\"position\":2,\"name\":\"Kasindi : Le chef de poste de l&#8217;environnement et d\u00e9veloppement durable suspendu de ses fonctions\"}]},{\"@type\":\"WebSite\",\"@id\":\"https:\\\/\\\/lesvolcansnews.net\\\/#website\",\"url\":\"https:\\\/\\\/lesvolcansnews.net\\\/\",\"name\":\"LES VOLCANS NEWS\",\"description\":\"L&#039;INFORMATION C&#039;EST NOUS\",\"potentialAction\":[{\"@type\":\"SearchAction\",\"target\":{\"@type\":\"EntryPoint\",\"urlTemplate\":\"https:\\\/\\\/lesvolcansnews.net\\\/?s={search_term_string}\"},\"query-input\":{\"@type\":\"PropertyValueSpecification\",\"valueRequired\":true,\"valueName\":\"search_term_string\"}}],\"inLanguage\":\"fr-FR\"},{\"@type\":\"Person\",\"@id\":\"https:\\\/\\\/lesvolcansnews.net\\\/#\\\/schema\\\/person\\\/82c8bed2e77879ecf6cca63441f57354\",\"name\":\"R\u00e9daction - Les Volcans News\",\"image\":{\"@type\":\"ImageObject\",\"inLanguage\":\"fr-FR\",\"@id\":\"https:\\\/\\\/secure.gravatar.com\\\/avatar\\\/8408942dd851e8a9c09f3d382a661bc05d2b3cd9002139bc1795b9528cdc6c80?s=96&d=mm&r=g\",\"url\":\"https:\\\/\\\/secure.gravatar.com\\\/avatar\\\/8408942dd851e8a9c09f3d382a661bc05d2b3cd9002139bc1795b9528cdc6c80?s=96&d=mm&r=g\",\"contentUrl\":\"https:\\\/\\\/secure.gravatar.com\\\/avatar\\\/8408942dd851e8a9c09f3d382a661bc05d2b3cd9002139bc1795b9528cdc6c80?s=96&d=mm&r=g\",\"caption\":\"R\u00e9daction - Les Volcans News\"},\"url\":\"https:\\\/\\\/lesvolcansnews.net\\\/?author=14\"}]}<\/script>\n<!-- \/ Yoast SEO plugin. -->","yoast_head_json":{"title":"Kasindi : Le chef de poste de l'environnement et d\u00e9veloppement durable suspendu de ses fonctions - LES VOLCANS NEWS","robots":{"index":"index","follow":"follow","max-snippet":"max-snippet:-1","max-image-preview":"max-image-preview:large","max-video-preview":"max-video-preview:-1"},"canonical":"https:\/\/lesvolcansnews.net\/?p=3091","og_locale":"fr_FR","og_type":"article","og_title":"Kasindi : Le chef de poste de l'environnement et d\u00e9veloppement durable suspendu de ses fonctions - LES VOLCANS NEWS","og_description":"Le chef de poste du service de l&#8217;environnement et de d\u00e9veloppement durable antenne de Kasindi est suspendu de ses fonctions par mesure d&#8217;ordre pr\u00e9ventive. Dans une correspondance de la division","og_url":"https:\/\/lesvolcansnews.net\/?p=3091","og_site_name":"LES VOLCANS NEWS","article_published_time":"2019-05-03T16:34:28+00:00","article_modified_time":"2019-05-03T16:34:34+00:00","og_image":[{"width":1080,"height":810,"url":"https:\/\/i0.wp.com\/lesvolcansnews.net\/wp-content\/uploads\/2019\/05\/IMG-20190503-WA0023.jpg?fit=1080%2C810&ssl=1","type":"image\/jpeg"}],"author":"R\u00e9daction - Les Volcans News","twitter_card":"summary_large_image","twitter_misc":{"\u00c9crit par":"R\u00e9daction - Les Volcans News","Dur\u00e9e de lecture estim\u00e9e":"2 minutes"},"schema":{"@context":"https:\/\/schema.org","@graph":[{"@type":"Article","@id":"https:\/\/lesvolcansnews.net\/?p=3091#article","isPartOf":{"@id":"https:\/\/lesvolcansnews.net\/?p=3091"},"author":{"name":"R\u00e9daction - Les Volcans News","@id":"https:\/\/lesvolcansnews.net\/#\/schema\/person\/82c8bed2e77879ecf6cca63441f57354"},"headline":"Kasindi : Le chef de poste de l&#8217;environnement et d\u00e9veloppement durable suspendu de ses fonctions","datePublished":"2019-05-03T16:34:28+00:00","dateModified":"2019-05-03T16:34:34+00:00","mainEntityOfPage":{"@id":"https:\/\/lesvolcansnews.net\/?p=3091"},"wordCount":338,"commentCount":0,"image":{"@id":"https:\/\/lesvolcansnews.net\/?p=3091#primaryimage"},"thumbnailUrl":"https:\/\/lesvolcansnews.net\/wp-content\/uploads\/2019\/05\/IMG-20190503-WA0023.jpg","articleSection":["SOCIET\u00c9"],"inLanguage":"fr-FR","potentialAction":[{"@type":"CommentAction","name":"Comment","target":["https:\/\/lesvolcansnews.net\/?p=3091#respond"]}]},{"@type":"WebPage","@id":"https:\/\/lesvolcansnews.net\/?p=3091","url":"https:\/\/lesvolcansnews.net\/?p=3091","name":"Kasindi : Le chef de poste de l'environnement et d\u00e9veloppement durable suspendu de ses fonctions - LES VOLCANS NEWS","isPartOf":{"@id":"https:\/\/lesvolcansnews.net\/#website"},"primaryImageOfPage":{"@id":"https:\/\/lesvolcansnews.net\/?p=3091#primaryimage"},"image":{"@id":"https:\/\/lesvolcansnews.net\/?p=3091#primaryimage"},"thumbnailUrl":"https:\/\/lesvolcansnews.net\/wp-content\/uploads\/2019\/05\/IMG-20190503-WA0023.jpg","datePublished":"2019-05-03T16:34:28+00:00","dateModified":"2019-05-03T16:34:34+00:00","author":{"@id":"https:\/\/lesvolcansnews.net\/#\/schema\/person\/82c8bed2e77879ecf6cca63441f57354"},"breadcrumb":{"@id":"https:\/\/lesvolcansnews.net\/?p=3091#breadcrumb"},"inLanguage":"fr-FR","potentialAction":[{"@type":"ReadAction","target":["https:\/\/lesvolcansnews.net\/?p=3091"]}]},{"@type":"ImageObject","inLanguage":"fr-FR","@id":"https:\/\/lesvolcansnews.net\/?p=3091#primaryimage","url":"https:\/\/lesvolcansnews.net\/wp-content\/uploads\/2019\/05\/IMG-20190503-WA0023.jpg","contentUrl":"https:\/\/lesvolcansnews.net\/wp-content\/uploads\/2019\/05\/IMG-20190503-WA0023.jpg","width":1080,"height":810},{"@type":"BreadcrumbList","@id":"https:\/\/lesvolcansnews.net\/?p=3091#breadcrumb","itemListElement":[{"@type":"ListItem","position":1,"name":"Accueil","item":"https:\/\/lesvolcansnews.net\/"},{"@type":"ListItem","position":2,"name":"Kasindi : Le chef de poste de l&#8217;environnement et d\u00e9veloppement durable suspendu de ses fonctions"}]},{"@type":"WebSite","@id":"https:\/\/lesvolcansnews.net\/#website","url":"https:\/\/lesvolcansnews.net\/","name":"LES VOLCANS NEWS","description":"L&#039;INFORMATION C&#039;EST NOUS","potentialAction":[{"@type":"SearchAction","target":{"@type":"EntryPoint","urlTemplate":"https:\/\/lesvolcansnews.net\/?s={search_term_string}"},"query-input":{"@type":"PropertyValueSpecification","valueRequired":true,"valueName":"search_term_string"}}],"inLanguage":"fr-FR"},{"@type":"Person","@id":"https:\/\/lesvolcansnews.net\/#\/schema\/person\/82c8bed2e77879ecf6cca63441f57354","name":"R\u00e9daction - Les Volcans News","image":{"@type":"ImageObject","inLanguage":"fr-FR","@id":"https:\/\/secure.gravatar.com\/avatar\/8408942dd851e8a9c09f3d382a661bc05d2b3cd9002139bc1795b9528cdc6c80?s=96&d=mm&r=g","url":"https:\/\/secure.gravatar.com\/avatar\/8408942dd851e8a9c09f3d382a661bc05d2b3cd9002139bc1795b9528cdc6c80?s=96&d=mm&r=g","contentUrl":"https:\/\/secure.gravatar.com\/avatar\/8408942dd851e8a9c09f3d382a661bc05d2b3cd9002139bc1795b9528cdc6c80?s=96&d=mm&r=g","caption":"R\u00e9daction - Les Volcans News"},"url":"https:\/\/lesvolcansnews.net\/?author=14"}]}},"_links":{"self":[{"href":"https:\/\/lesvolcansnews.net\/index.php?rest_route=\/wp\/v2\/posts\/3091","targetHints":{"allow":["GET"]}}],"collection":[{"href":"https:\/\/lesvolcansnews.net\/index.php?rest_route=\/wp\/v2\/posts"}],"about":[{"href":"https:\/\/lesvolcansnews.net\/index.php?rest_route=\/wp\/v2\/types\/post"}],"author":[{"embeddable":true,"href":"https:\/\/lesvolcansnews.net\/index.php?rest_route=\/wp\/v2\/users\/14"}],"replies":[{"embeddable":true,"href":"https:\/\/lesvolcansnews.net\/index.php?rest_route=%2Fwp%2Fv2%2Fcomments&post=3091"}],"version-history":[{"count":3,"href":"https:\/\/lesvolcansnews.net\/index.php?rest_route=\/wp\/v2\/posts\/3091\/revisions"}],"predecessor-version":[{"id":3095,"href":"https:\/\/lesvolcansnews.net\/index.php?rest_route=\/wp\/v2\/posts\/3091\/revisions\/3095"}],"wp:featuredmedia":[{"embeddable":true,"href":"https:\/\/lesvolcansnews.net\/index.php?rest_route=\/wp\/v2\/media\/3094"}],"wp:attachment":[{"href":"https:\/\/lesvolcansnews.net\/index.php?rest_route=%2Fwp%2Fv2%2Fmedia&parent=3091"}],"wp:term":[{"taxonomy":"category","embeddable":true,"href":"https:\/\/lesvolcansnews.net\/index.php?rest_route=%2Fwp%2Fv2%2Fcategories&post=3091"},{"taxonomy":"post_tag","embeddable":true,"href":"https:\/\/lesvolcansnews.net\/index.php?rest_route=%2Fwp%2Fv2%2Ftags&post=3091"}],"curies":[{"name":"wp","href":"https:\/\/api.w.org\/{rel}","templated":true}]}}