{"id":3090,"date":"2019-05-03T11:12:21","date_gmt":"2019-05-03T11:12:21","guid":{"rendered":"https:\/\/lesvolcansnews.net\/2019\/05\/03\/assemblee-provinciale-du-nord-kivu-le-pouvoir-de-mandat-du-depute-ngaruye-muhozi-emmanuel-valide\/"},"modified":"2019-05-03T11:12:21","modified_gmt":"2019-05-03T11:12:21","slug":"assemblee-provinciale-du-nord-kivu-le-pouvoir-de-mandat-du-depute-ngaruye-muhozi-emmanuel-valide","status":"publish","type":"post","link":"https:\/\/lesvolcansnews.net\/?p=3090","title":{"rendered":"Assembl\u00e9e provinciale du Nord-Kivu : Le pouvoir de mandat du d\u00e9put\u00e9 Ngaruye Muhozi Emmanuel  valid\u00e9"},"content":{"rendered":"<p>Le pouvoir de mandat du d\u00e9put\u00e9 provincial, \u00e9lu de territoire de Rusthuru, l\u2019honorable Ngaruye Muhozi Emmanuel, a \u00e9t\u00e9 valid\u00e9 ce jeudi 02 mai, par l\u2019assembl\u00e9e provincial du Nord-Kivu.<br \/>\nC\u2019\u00e9tait au cours d\u2019une s\u00e9ance pl\u00e9ni\u00e8re organis\u00e9e \u00e0 la BDEGL, que l\u2019honorable Ngaruye Emmanuel, a vu son pouvoir \u00eatre valid\u00e9 par le pr\u00e9sident provisoire de cet organe d\u00e9lib\u00e9rant, l\u2019honorable Pierre Pay Pay.<br \/>\nDevant la presse locale, le d\u00e9put\u00e9 \u00e9lu, s\u2019est dit \u00eatre fi\u00e8re d\u2019avoir aujourd\u2019hui la qualit\u00e9 de d\u00e9put\u00e9 provincial et promet sa circonscription \u00e9lectorale (base) de bien le repr\u00e9senter et estime que le travail qu\u2019il s\u2019est engag\u00e9 avec sa base commence d\u00e9j\u00e0.<br \/>\nParmi ces travails, figure le probl\u00e8me d\u2019ins\u00e9curit\u00e9, le ch\u00f4mage, les infrastructures des bases, les conflits fonciers et les kidnappings \u00e0 r\u00e9p\u00e9tition.<br \/>\nIl a enfin promis \u00e0 ses \u00e9lecteurs de ne jamais le trahir avant de les remercier sur la confiance qu\u2019ils on plac\u00e9 \u00e0 sa modeste personne.<\/p>\n<p><strong><em>H<\/em><\/strong><\/p>\n","protected":false},"excerpt":{"rendered":"<p>Le pouvoir de mandat du d\u00e9put\u00e9 provincial, \u00e9lu de territoire de Rusthuru, l\u2019honorable Ngaruye Muhozi Emmanuel, a \u00e9t\u00e9 valid\u00e9 ce jeudi 02 mai, par l\u2019assembl\u00e9e provincial du Nord-Kivu. C\u2019\u00e9tait au<\/p>\n","protected":false},"author":14,"featured_media":3089,"comment_status":"open","ping_status":"open","sticky":false,"template":"","format":"standard","meta":{"footnotes":""},"categories":[27],"tags":[],"class_list":["post-3090","post","type-post","status-publish","format-standard","has-post-thumbnail","hentry","category-politique"],"yoast_head":"<!-- This site is optimized with the Yoast SEO plugin v27.3 - https:\/\/yoast.com\/product\/yoast-seo-wordpress\/ -->\n<title>Assembl\u00e9e provinciale du Nord-Kivu : Le pouvoir de mandat du d\u00e9put\u00e9 Ngaruye Muhozi Emmanuel valid\u00e9 - LES VOLCANS NEWS<\/title>\n<meta name=\"robots\" content=\"index, follow, max-snippet:-1, max-image-preview:large, max-video-preview:-1\" \/>\n<link rel=\"canonical\" href=\"https:\/\/lesvolcansnews.net\/?p=3090\" \/>\n<meta property=\"og:locale\" content=\"fr_FR\" \/>\n<meta property=\"og:type\" content=\"article\" \/>\n<meta property=\"og:title\" content=\"Assembl\u00e9e provinciale du Nord-Kivu : Le pouvoir de mandat du d\u00e9put\u00e9 Ngaruye Muhozi Emmanuel valid\u00e9 - LES VOLCANS NEWS\" \/>\n<meta property=\"og:description\" content=\"Le pouvoir de mandat du d\u00e9put\u00e9 provincial, \u00e9lu de territoire de Rusthuru, l\u2019honorable Ngaruye Muhozi Emmanuel, a \u00e9t\u00e9 valid\u00e9 ce jeudi 02 mai, par l\u2019assembl\u00e9e provincial du Nord-Kivu. C\u2019\u00e9tait au\" \/>\n<meta property=\"og:url\" content=\"https:\/\/lesvolcansnews.net\/?p=3090\" \/>\n<meta property=\"og:site_name\" content=\"LES VOLCANS NEWS\" \/>\n<meta property=\"article:published_time\" content=\"2019-05-03T11:12:21+00:00\" \/>\n<meta property=\"og:image\" content=\"https:\/\/i0.wp.com\/lesvolcansnews.net\/wp-content\/uploads\/2019\/05\/IMG-20190503-WA0016.jpg?fit=1040%2C780&ssl=1\" \/>\n\t<meta property=\"og:image:width\" content=\"1040\" \/>\n\t<meta property=\"og:image:height\" content=\"780\" \/>\n\t<meta property=\"og:image:type\" content=\"image\/jpeg\" \/>\n<meta name=\"author\" content=\"R\u00e9daction - Les Volcans News\" \/>\n<meta name=\"twitter:card\" content=\"summary_large_image\" \/>\n<meta name=\"twitter:label1\" content=\"\u00c9crit par\" \/>\n\t<meta name=\"twitter:data1\" content=\"R\u00e9daction - Les Volcans News\" \/>\n\t<meta name=\"twitter:label2\" content=\"Dur\u00e9e de lecture estim\u00e9e\" \/>\n\t<meta name=\"twitter:data2\" content=\"1 minute\" \/>\n<script type=\"application\/ld+json\" class=\"yoast-schema-graph\">{\"@context\":\"https:\\\/\\\/schema.org\",\"@graph\":[{\"@type\":\"Article\",\"@id\":\"https:\\\/\\\/lesvolcansnews.net\\\/?p=3090#article\",\"isPartOf\":{\"@id\":\"https:\\\/\\\/lesvolcansnews.net\\\/?p=3090\"},\"author\":{\"name\":\"R\u00e9daction - Les Volcans News\",\"@id\":\"https:\\\/\\\/lesvolcansnews.net\\\/#\\\/schema\\\/person\\\/82c8bed2e77879ecf6cca63441f57354\"},\"headline\":\"Assembl\u00e9e provinciale du Nord-Kivu : Le pouvoir de mandat du d\u00e9put\u00e9 Ngaruye Muhozi Emmanuel valid\u00e9\",\"datePublished\":\"2019-05-03T11:12:21+00:00\",\"mainEntityOfPage\":{\"@id\":\"https:\\\/\\\/lesvolcansnews.net\\\/?p=3090\"},\"wordCount\":192,\"commentCount\":0,\"image\":{\"@id\":\"https:\\\/\\\/lesvolcansnews.net\\\/?p=3090#primaryimage\"},\"thumbnailUrl\":\"https:\\\/\\\/lesvolcansnews.net\\\/wp-content\\\/uploads\\\/2019\\\/05\\\/IMG-20190503-WA0016.jpg\",\"articleSection\":[\"POLITIQUE\"],\"inLanguage\":\"fr-FR\",\"potentialAction\":[{\"@type\":\"CommentAction\",\"name\":\"Comment\",\"target\":[\"https:\\\/\\\/lesvolcansnews.net\\\/?p=3090#respond\"]}]},{\"@type\":\"WebPage\",\"@id\":\"https:\\\/\\\/lesvolcansnews.net\\\/?p=3090\",\"url\":\"https:\\\/\\\/lesvolcansnews.net\\\/?p=3090\",\"name\":\"Assembl\u00e9e provinciale du Nord-Kivu : Le pouvoir de mandat du d\u00e9put\u00e9 Ngaruye Muhozi Emmanuel valid\u00e9 - LES VOLCANS NEWS\",\"isPartOf\":{\"@id\":\"https:\\\/\\\/lesvolcansnews.net\\\/#website\"},\"primaryImageOfPage\":{\"@id\":\"https:\\\/\\\/lesvolcansnews.net\\\/?p=3090#primaryimage\"},\"image\":{\"@id\":\"https:\\\/\\\/lesvolcansnews.net\\\/?p=3090#primaryimage\"},\"thumbnailUrl\":\"https:\\\/\\\/lesvolcansnews.net\\\/wp-content\\\/uploads\\\/2019\\\/05\\\/IMG-20190503-WA0016.jpg\",\"datePublished\":\"2019-05-03T11:12:21+00:00\",\"author\":{\"@id\":\"https:\\\/\\\/lesvolcansnews.net\\\/#\\\/schema\\\/person\\\/82c8bed2e77879ecf6cca63441f57354\"},\"breadcrumb\":{\"@id\":\"https:\\\/\\\/lesvolcansnews.net\\\/?p=3090#breadcrumb\"},\"inLanguage\":\"fr-FR\",\"potentialAction\":[{\"@type\":\"ReadAction\",\"target\":[\"https:\\\/\\\/lesvolcansnews.net\\\/?p=3090\"]}]},{\"@type\":\"ImageObject\",\"inLanguage\":\"fr-FR\",\"@id\":\"https:\\\/\\\/lesvolcansnews.net\\\/?p=3090#primaryimage\",\"url\":\"https:\\\/\\\/lesvolcansnews.net\\\/wp-content\\\/uploads\\\/2019\\\/05\\\/IMG-20190503-WA0016.jpg\",\"contentUrl\":\"https:\\\/\\\/lesvolcansnews.net\\\/wp-content\\\/uploads\\\/2019\\\/05\\\/IMG-20190503-WA0016.jpg\",\"width\":1040,\"height\":780},{\"@type\":\"BreadcrumbList\",\"@id\":\"https:\\\/\\\/lesvolcansnews.net\\\/?p=3090#breadcrumb\",\"itemListElement\":[{\"@type\":\"ListItem\",\"position\":1,\"name\":\"Accueil\",\"item\":\"https:\\\/\\\/lesvolcansnews.net\\\/\"},{\"@type\":\"ListItem\",\"position\":2,\"name\":\"Assembl\u00e9e provinciale du Nord-Kivu : Le pouvoir de mandat du d\u00e9put\u00e9 Ngaruye Muhozi Emmanuel valid\u00e9\"}]},{\"@type\":\"WebSite\",\"@id\":\"https:\\\/\\\/lesvolcansnews.net\\\/#website\",\"url\":\"https:\\\/\\\/lesvolcansnews.net\\\/\",\"name\":\"LES VOLCANS NEWS\",\"description\":\"L&#039;INFORMATION C&#039;EST NOUS\",\"potentialAction\":[{\"@type\":\"SearchAction\",\"target\":{\"@type\":\"EntryPoint\",\"urlTemplate\":\"https:\\\/\\\/lesvolcansnews.net\\\/?s={search_term_string}\"},\"query-input\":{\"@type\":\"PropertyValueSpecification\",\"valueRequired\":true,\"valueName\":\"search_term_string\"}}],\"inLanguage\":\"fr-FR\"},{\"@type\":\"Person\",\"@id\":\"https:\\\/\\\/lesvolcansnews.net\\\/#\\\/schema\\\/person\\\/82c8bed2e77879ecf6cca63441f57354\",\"name\":\"R\u00e9daction - Les Volcans News\",\"image\":{\"@type\":\"ImageObject\",\"inLanguage\":\"fr-FR\",\"@id\":\"https:\\\/\\\/secure.gravatar.com\\\/avatar\\\/8408942dd851e8a9c09f3d382a661bc05d2b3cd9002139bc1795b9528cdc6c80?s=96&d=mm&r=g\",\"url\":\"https:\\\/\\\/secure.gravatar.com\\\/avatar\\\/8408942dd851e8a9c09f3d382a661bc05d2b3cd9002139bc1795b9528cdc6c80?s=96&d=mm&r=g\",\"contentUrl\":\"https:\\\/\\\/secure.gravatar.com\\\/avatar\\\/8408942dd851e8a9c09f3d382a661bc05d2b3cd9002139bc1795b9528cdc6c80?s=96&d=mm&r=g\",\"caption\":\"R\u00e9daction - Les Volcans News\"},\"url\":\"https:\\\/\\\/lesvolcansnews.net\\\/?author=14\"}]}<\/script>\n<!-- \/ Yoast SEO plugin. -->","yoast_head_json":{"title":"Assembl\u00e9e provinciale du Nord-Kivu : Le pouvoir de mandat du d\u00e9put\u00e9 Ngaruye Muhozi Emmanuel valid\u00e9 - LES VOLCANS NEWS","robots":{"index":"index","follow":"follow","max-snippet":"max-snippet:-1","max-image-preview":"max-image-preview:large","max-video-preview":"max-video-preview:-1"},"canonical":"https:\/\/lesvolcansnews.net\/?p=3090","og_locale":"fr_FR","og_type":"article","og_title":"Assembl\u00e9e provinciale du Nord-Kivu : Le pouvoir de mandat du d\u00e9put\u00e9 Ngaruye Muhozi Emmanuel valid\u00e9 - LES VOLCANS NEWS","og_description":"Le pouvoir de mandat du d\u00e9put\u00e9 provincial, \u00e9lu de territoire de Rusthuru, l\u2019honorable Ngaruye Muhozi Emmanuel, a \u00e9t\u00e9 valid\u00e9 ce jeudi 02 mai, par l\u2019assembl\u00e9e provincial du Nord-Kivu. C\u2019\u00e9tait au","og_url":"https:\/\/lesvolcansnews.net\/?p=3090","og_site_name":"LES VOLCANS NEWS","article_published_time":"2019-05-03T11:12:21+00:00","og_image":[{"width":1040,"height":780,"url":"https:\/\/i0.wp.com\/lesvolcansnews.net\/wp-content\/uploads\/2019\/05\/IMG-20190503-WA0016.jpg?fit=1040%2C780&ssl=1","type":"image\/jpeg"}],"author":"R\u00e9daction - Les Volcans News","twitter_card":"summary_large_image","twitter_misc":{"\u00c9crit par":"R\u00e9daction - Les Volcans News","Dur\u00e9e de lecture estim\u00e9e":"1 minute"},"schema":{"@context":"https:\/\/schema.org","@graph":[{"@type":"Article","@id":"https:\/\/lesvolcansnews.net\/?p=3090#article","isPartOf":{"@id":"https:\/\/lesvolcansnews.net\/?p=3090"},"author":{"name":"R\u00e9daction - Les Volcans News","@id":"https:\/\/lesvolcansnews.net\/#\/schema\/person\/82c8bed2e77879ecf6cca63441f57354"},"headline":"Assembl\u00e9e provinciale du Nord-Kivu : Le pouvoir de mandat du d\u00e9put\u00e9 Ngaruye Muhozi Emmanuel valid\u00e9","datePublished":"2019-05-03T11:12:21+00:00","mainEntityOfPage":{"@id":"https:\/\/lesvolcansnews.net\/?p=3090"},"wordCount":192,"commentCount":0,"image":{"@id":"https:\/\/lesvolcansnews.net\/?p=3090#primaryimage"},"thumbnailUrl":"https:\/\/lesvolcansnews.net\/wp-content\/uploads\/2019\/05\/IMG-20190503-WA0016.jpg","articleSection":["POLITIQUE"],"inLanguage":"fr-FR","potentialAction":[{"@type":"CommentAction","name":"Comment","target":["https:\/\/lesvolcansnews.net\/?p=3090#respond"]}]},{"@type":"WebPage","@id":"https:\/\/lesvolcansnews.net\/?p=3090","url":"https:\/\/lesvolcansnews.net\/?p=3090","name":"Assembl\u00e9e provinciale du Nord-Kivu : Le pouvoir de mandat du d\u00e9put\u00e9 Ngaruye Muhozi Emmanuel valid\u00e9 - LES VOLCANS NEWS","isPartOf":{"@id":"https:\/\/lesvolcansnews.net\/#website"},"primaryImageOfPage":{"@id":"https:\/\/lesvolcansnews.net\/?p=3090#primaryimage"},"image":{"@id":"https:\/\/lesvolcansnews.net\/?p=3090#primaryimage"},"thumbnailUrl":"https:\/\/lesvolcansnews.net\/wp-content\/uploads\/2019\/05\/IMG-20190503-WA0016.jpg","datePublished":"2019-05-03T11:12:21+00:00","author":{"@id":"https:\/\/lesvolcansnews.net\/#\/schema\/person\/82c8bed2e77879ecf6cca63441f57354"},"breadcrumb":{"@id":"https:\/\/lesvolcansnews.net\/?p=3090#breadcrumb"},"inLanguage":"fr-FR","potentialAction":[{"@type":"ReadAction","target":["https:\/\/lesvolcansnews.net\/?p=3090"]}]},{"@type":"ImageObject","inLanguage":"fr-FR","@id":"https:\/\/lesvolcansnews.net\/?p=3090#primaryimage","url":"https:\/\/lesvolcansnews.net\/wp-content\/uploads\/2019\/05\/IMG-20190503-WA0016.jpg","contentUrl":"https:\/\/lesvolcansnews.net\/wp-content\/uploads\/2019\/05\/IMG-20190503-WA0016.jpg","width":1040,"height":780},{"@type":"BreadcrumbList","@id":"https:\/\/lesvolcansnews.net\/?p=3090#breadcrumb","itemListElement":[{"@type":"ListItem","position":1,"name":"Accueil","item":"https:\/\/lesvolcansnews.net\/"},{"@type":"ListItem","position":2,"name":"Assembl\u00e9e provinciale du Nord-Kivu : Le pouvoir de mandat du d\u00e9put\u00e9 Ngaruye Muhozi Emmanuel valid\u00e9"}]},{"@type":"WebSite","@id":"https:\/\/lesvolcansnews.net\/#website","url":"https:\/\/lesvolcansnews.net\/","name":"LES VOLCANS NEWS","description":"L&#039;INFORMATION C&#039;EST NOUS","potentialAction":[{"@type":"SearchAction","target":{"@type":"EntryPoint","urlTemplate":"https:\/\/lesvolcansnews.net\/?s={search_term_string}"},"query-input":{"@type":"PropertyValueSpecification","valueRequired":true,"valueName":"search_term_string"}}],"inLanguage":"fr-FR"},{"@type":"Person","@id":"https:\/\/lesvolcansnews.net\/#\/schema\/person\/82c8bed2e77879ecf6cca63441f57354","name":"R\u00e9daction - Les Volcans News","image":{"@type":"ImageObject","inLanguage":"fr-FR","@id":"https:\/\/secure.gravatar.com\/avatar\/8408942dd851e8a9c09f3d382a661bc05d2b3cd9002139bc1795b9528cdc6c80?s=96&d=mm&r=g","url":"https:\/\/secure.gravatar.com\/avatar\/8408942dd851e8a9c09f3d382a661bc05d2b3cd9002139bc1795b9528cdc6c80?s=96&d=mm&r=g","contentUrl":"https:\/\/secure.gravatar.com\/avatar\/8408942dd851e8a9c09f3d382a661bc05d2b3cd9002139bc1795b9528cdc6c80?s=96&d=mm&r=g","caption":"R\u00e9daction - Les Volcans News"},"url":"https:\/\/lesvolcansnews.net\/?author=14"}]}},"_links":{"self":[{"href":"https:\/\/lesvolcansnews.net\/index.php?rest_route=\/wp\/v2\/posts\/3090","targetHints":{"allow":["GET"]}}],"collection":[{"href":"https:\/\/lesvolcansnews.net\/index.php?rest_route=\/wp\/v2\/posts"}],"about":[{"href":"https:\/\/lesvolcansnews.net\/index.php?rest_route=\/wp\/v2\/types\/post"}],"author":[{"embeddable":true,"href":"https:\/\/lesvolcansnews.net\/index.php?rest_route=\/wp\/v2\/users\/14"}],"replies":[{"embeddable":true,"href":"https:\/\/lesvolcansnews.net\/index.php?rest_route=%2Fwp%2Fv2%2Fcomments&post=3090"}],"version-history":[{"count":0,"href":"https:\/\/lesvolcansnews.net\/index.php?rest_route=\/wp\/v2\/posts\/3090\/revisions"}],"wp:featuredmedia":[{"embeddable":true,"href":"https:\/\/lesvolcansnews.net\/index.php?rest_route=\/wp\/v2\/media\/3089"}],"wp:attachment":[{"href":"https:\/\/lesvolcansnews.net\/index.php?rest_route=%2Fwp%2Fv2%2Fmedia&parent=3090"}],"wp:term":[{"taxonomy":"category","embeddable":true,"href":"https:\/\/lesvolcansnews.net\/index.php?rest_route=%2Fwp%2Fv2%2Fcategories&post=3090"},{"taxonomy":"post_tag","embeddable":true,"href":"https:\/\/lesvolcansnews.net\/index.php?rest_route=%2Fwp%2Fv2%2Ftags&post=3090"}],"curies":[{"name":"wp","href":"https:\/\/api.w.org\/{rel}","templated":true}]}}