{"id":3005,"date":"2019-04-27T09:00:37","date_gmt":"2019-04-27T09:00:37","guid":{"rendered":"https:\/\/lesvolcansnews.net\/2019\/04\/27\/assemblee-provinciale-du-nord-kivu-cest-avec-la-premiere-pleniere\/"},"modified":"2019-04-27T09:15:05","modified_gmt":"2019-04-27T09:15:05","slug":"assemblee-provinciale-du-nord-kivu-cest-avec-la-premiere-pleniere","status":"publish","type":"post","link":"https:\/\/lesvolcansnews.net\/?p=3005","title":{"rendered":"Assembl\u00e9e provinciale du Nord-Kivu : c&#8217;est partie avec la premi\u00e8re pl\u00e9ni\u00e8re"},"content":{"rendered":"<p>L&#8217;Assembl\u00e9e provinciale du Nord-Kivu, tient actuellement premi\u00e8re pl\u00e9ni\u00e8re apr\u00e8s la pl\u00e9ni\u00e8re d&#8217;ouverture du mercredi 24 avril dernier.<\/p>\n<p>Sur les 44 \u00e9lus de cette assembl\u00e9e, 38 d\u00e9put\u00e9s sont pr\u00e9sents dont les honorables Elis\u00e9e Minebwe \u00e9lue d\u00e9put\u00e9e nationale et provinciale en territoire de Walikale au Nord-Kivu, et l&#8217;honorable Venant Tshipasa \u00e9lu du territoire de Rutshuru. Les deux \u00e9taient parmi les grands absents \u00e0 la pl\u00e9ni\u00e8re d&#8217;ouverture.<\/p>\n<p>Actuellement les d\u00e9put\u00e9s discutent sur Examen et adoption de l&#8217;ordre du jour.<\/p>\n<p>Dont le point essentiel est la constitution des commissions ad hoc charg\u00e9e de v\u00e9rification et la validation des mandats des Honorables <em><strong>R\u00e9daction<\/strong><\/em><\/p>\n","protected":false},"excerpt":{"rendered":"<p>L&#8217;Assembl\u00e9e provinciale du Nord-Kivu, tient actuellement premi\u00e8re pl\u00e9ni\u00e8re apr\u00e8s la pl\u00e9ni\u00e8re d&#8217;ouverture du mercredi 24 avril dernier. Sur les 44 \u00e9lus de cette assembl\u00e9e, 38 d\u00e9put\u00e9s sont pr\u00e9sents dont les<\/p>\n","protected":false},"author":14,"featured_media":3004,"comment_status":"open","ping_status":"open","sticky":false,"template":"","format":"standard","meta":{"footnotes":""},"categories":[27],"tags":[],"class_list":["post-3005","post","type-post","status-publish","format-standard","has-post-thumbnail","hentry","category-politique"],"yoast_head":"<!-- This site is optimized with the Yoast SEO plugin v27.3 - https:\/\/yoast.com\/product\/yoast-seo-wordpress\/ -->\n<title>Assembl\u00e9e provinciale du Nord-Kivu : c&#039;est partie avec la premi\u00e8re pl\u00e9ni\u00e8re - LES VOLCANS NEWS<\/title>\n<meta name=\"robots\" content=\"index, follow, max-snippet:-1, max-image-preview:large, max-video-preview:-1\" \/>\n<link rel=\"canonical\" href=\"https:\/\/lesvolcansnews.net\/?p=3005\" \/>\n<meta property=\"og:locale\" content=\"fr_FR\" \/>\n<meta property=\"og:type\" content=\"article\" \/>\n<meta property=\"og:title\" content=\"Assembl\u00e9e provinciale du Nord-Kivu : c&#039;est partie avec la premi\u00e8re pl\u00e9ni\u00e8re - LES VOLCANS NEWS\" \/>\n<meta property=\"og:description\" content=\"L&#8217;Assembl\u00e9e provinciale du Nord-Kivu, tient actuellement premi\u00e8re pl\u00e9ni\u00e8re apr\u00e8s la pl\u00e9ni\u00e8re d&#8217;ouverture du mercredi 24 avril dernier. Sur les 44 \u00e9lus de cette assembl\u00e9e, 38 d\u00e9put\u00e9s sont pr\u00e9sents dont les\" \/>\n<meta property=\"og:url\" content=\"https:\/\/lesvolcansnews.net\/?p=3005\" \/>\n<meta property=\"og:site_name\" content=\"LES VOLCANS NEWS\" \/>\n<meta property=\"article:published_time\" content=\"2019-04-27T09:00:37+00:00\" \/>\n<meta property=\"article:modified_time\" content=\"2019-04-27T09:15:05+00:00\" \/>\n<meta property=\"og:image\" content=\"https:\/\/i0.wp.com\/lesvolcansnews.net\/wp-content\/uploads\/2019\/04\/IMG-20190427-WA0021.jpg?fit=1080%2C931&ssl=1\" \/>\n\t<meta property=\"og:image:width\" content=\"1080\" \/>\n\t<meta property=\"og:image:height\" content=\"931\" \/>\n\t<meta property=\"og:image:type\" content=\"image\/jpeg\" \/>\n<meta name=\"author\" content=\"R\u00e9daction - Les Volcans News\" \/>\n<meta name=\"twitter:card\" content=\"summary_large_image\" \/>\n<meta name=\"twitter:label1\" content=\"\u00c9crit par\" \/>\n\t<meta name=\"twitter:data1\" content=\"R\u00e9daction - Les Volcans News\" \/>\n\t<meta name=\"twitter:label2\" content=\"Dur\u00e9e de lecture estim\u00e9e\" \/>\n\t<meta name=\"twitter:data2\" content=\"1 minute\" \/>\n<script type=\"application\/ld+json\" class=\"yoast-schema-graph\">{\"@context\":\"https:\\\/\\\/schema.org\",\"@graph\":[{\"@type\":\"Article\",\"@id\":\"https:\\\/\\\/lesvolcansnews.net\\\/?p=3005#article\",\"isPartOf\":{\"@id\":\"https:\\\/\\\/lesvolcansnews.net\\\/?p=3005\"},\"author\":{\"name\":\"R\u00e9daction - Les Volcans News\",\"@id\":\"https:\\\/\\\/lesvolcansnews.net\\\/#\\\/schema\\\/person\\\/82c8bed2e77879ecf6cca63441f57354\"},\"headline\":\"Assembl\u00e9e provinciale du Nord-Kivu : c&#8217;est partie avec la premi\u00e8re pl\u00e9ni\u00e8re\",\"datePublished\":\"2019-04-27T09:00:37+00:00\",\"dateModified\":\"2019-04-27T09:15:05+00:00\",\"mainEntityOfPage\":{\"@id\":\"https:\\\/\\\/lesvolcansnews.net\\\/?p=3005\"},\"wordCount\":135,\"commentCount\":0,\"image\":{\"@id\":\"https:\\\/\\\/lesvolcansnews.net\\\/?p=3005#primaryimage\"},\"thumbnailUrl\":\"https:\\\/\\\/lesvolcansnews.net\\\/wp-content\\\/uploads\\\/2019\\\/04\\\/IMG-20190427-WA0021.jpg\",\"articleSection\":[\"POLITIQUE\"],\"inLanguage\":\"fr-FR\",\"potentialAction\":[{\"@type\":\"CommentAction\",\"name\":\"Comment\",\"target\":[\"https:\\\/\\\/lesvolcansnews.net\\\/?p=3005#respond\"]}]},{\"@type\":\"WebPage\",\"@id\":\"https:\\\/\\\/lesvolcansnews.net\\\/?p=3005\",\"url\":\"https:\\\/\\\/lesvolcansnews.net\\\/?p=3005\",\"name\":\"Assembl\u00e9e provinciale du Nord-Kivu : c'est partie avec la premi\u00e8re pl\u00e9ni\u00e8re - LES VOLCANS NEWS\",\"isPartOf\":{\"@id\":\"https:\\\/\\\/lesvolcansnews.net\\\/#website\"},\"primaryImageOfPage\":{\"@id\":\"https:\\\/\\\/lesvolcansnews.net\\\/?p=3005#primaryimage\"},\"image\":{\"@id\":\"https:\\\/\\\/lesvolcansnews.net\\\/?p=3005#primaryimage\"},\"thumbnailUrl\":\"https:\\\/\\\/lesvolcansnews.net\\\/wp-content\\\/uploads\\\/2019\\\/04\\\/IMG-20190427-WA0021.jpg\",\"datePublished\":\"2019-04-27T09:00:37+00:00\",\"dateModified\":\"2019-04-27T09:15:05+00:00\",\"author\":{\"@id\":\"https:\\\/\\\/lesvolcansnews.net\\\/#\\\/schema\\\/person\\\/82c8bed2e77879ecf6cca63441f57354\"},\"breadcrumb\":{\"@id\":\"https:\\\/\\\/lesvolcansnews.net\\\/?p=3005#breadcrumb\"},\"inLanguage\":\"fr-FR\",\"potentialAction\":[{\"@type\":\"ReadAction\",\"target\":[\"https:\\\/\\\/lesvolcansnews.net\\\/?p=3005\"]}]},{\"@type\":\"ImageObject\",\"inLanguage\":\"fr-FR\",\"@id\":\"https:\\\/\\\/lesvolcansnews.net\\\/?p=3005#primaryimage\",\"url\":\"https:\\\/\\\/lesvolcansnews.net\\\/wp-content\\\/uploads\\\/2019\\\/04\\\/IMG-20190427-WA0021.jpg\",\"contentUrl\":\"https:\\\/\\\/lesvolcansnews.net\\\/wp-content\\\/uploads\\\/2019\\\/04\\\/IMG-20190427-WA0021.jpg\",\"width\":1080,\"height\":931},{\"@type\":\"BreadcrumbList\",\"@id\":\"https:\\\/\\\/lesvolcansnews.net\\\/?p=3005#breadcrumb\",\"itemListElement\":[{\"@type\":\"ListItem\",\"position\":1,\"name\":\"Accueil\",\"item\":\"https:\\\/\\\/lesvolcansnews.net\\\/\"},{\"@type\":\"ListItem\",\"position\":2,\"name\":\"Assembl\u00e9e provinciale du Nord-Kivu : c&#8217;est partie avec la premi\u00e8re pl\u00e9ni\u00e8re\"}]},{\"@type\":\"WebSite\",\"@id\":\"https:\\\/\\\/lesvolcansnews.net\\\/#website\",\"url\":\"https:\\\/\\\/lesvolcansnews.net\\\/\",\"name\":\"LES VOLCANS NEWS\",\"description\":\"L&#039;INFORMATION C&#039;EST NOUS\",\"potentialAction\":[{\"@type\":\"SearchAction\",\"target\":{\"@type\":\"EntryPoint\",\"urlTemplate\":\"https:\\\/\\\/lesvolcansnews.net\\\/?s={search_term_string}\"},\"query-input\":{\"@type\":\"PropertyValueSpecification\",\"valueRequired\":true,\"valueName\":\"search_term_string\"}}],\"inLanguage\":\"fr-FR\"},{\"@type\":\"Person\",\"@id\":\"https:\\\/\\\/lesvolcansnews.net\\\/#\\\/schema\\\/person\\\/82c8bed2e77879ecf6cca63441f57354\",\"name\":\"R\u00e9daction - Les Volcans News\",\"image\":{\"@type\":\"ImageObject\",\"inLanguage\":\"fr-FR\",\"@id\":\"https:\\\/\\\/secure.gravatar.com\\\/avatar\\\/8408942dd851e8a9c09f3d382a661bc05d2b3cd9002139bc1795b9528cdc6c80?s=96&d=mm&r=g\",\"url\":\"https:\\\/\\\/secure.gravatar.com\\\/avatar\\\/8408942dd851e8a9c09f3d382a661bc05d2b3cd9002139bc1795b9528cdc6c80?s=96&d=mm&r=g\",\"contentUrl\":\"https:\\\/\\\/secure.gravatar.com\\\/avatar\\\/8408942dd851e8a9c09f3d382a661bc05d2b3cd9002139bc1795b9528cdc6c80?s=96&d=mm&r=g\",\"caption\":\"R\u00e9daction - Les Volcans News\"},\"url\":\"https:\\\/\\\/lesvolcansnews.net\\\/?author=14\"}]}<\/script>\n<!-- \/ Yoast SEO plugin. -->","yoast_head_json":{"title":"Assembl\u00e9e provinciale du Nord-Kivu : c'est partie avec la premi\u00e8re pl\u00e9ni\u00e8re - LES VOLCANS NEWS","robots":{"index":"index","follow":"follow","max-snippet":"max-snippet:-1","max-image-preview":"max-image-preview:large","max-video-preview":"max-video-preview:-1"},"canonical":"https:\/\/lesvolcansnews.net\/?p=3005","og_locale":"fr_FR","og_type":"article","og_title":"Assembl\u00e9e provinciale du Nord-Kivu : c'est partie avec la premi\u00e8re pl\u00e9ni\u00e8re - LES VOLCANS NEWS","og_description":"L&#8217;Assembl\u00e9e provinciale du Nord-Kivu, tient actuellement premi\u00e8re pl\u00e9ni\u00e8re apr\u00e8s la pl\u00e9ni\u00e8re d&#8217;ouverture du mercredi 24 avril dernier. Sur les 44 \u00e9lus de cette assembl\u00e9e, 38 d\u00e9put\u00e9s sont pr\u00e9sents dont les","og_url":"https:\/\/lesvolcansnews.net\/?p=3005","og_site_name":"LES VOLCANS NEWS","article_published_time":"2019-04-27T09:00:37+00:00","article_modified_time":"2019-04-27T09:15:05+00:00","og_image":[{"width":1080,"height":931,"url":"https:\/\/i0.wp.com\/lesvolcansnews.net\/wp-content\/uploads\/2019\/04\/IMG-20190427-WA0021.jpg?fit=1080%2C931&ssl=1","type":"image\/jpeg"}],"author":"R\u00e9daction - Les Volcans News","twitter_card":"summary_large_image","twitter_misc":{"\u00c9crit par":"R\u00e9daction - Les Volcans News","Dur\u00e9e de lecture estim\u00e9e":"1 minute"},"schema":{"@context":"https:\/\/schema.org","@graph":[{"@type":"Article","@id":"https:\/\/lesvolcansnews.net\/?p=3005#article","isPartOf":{"@id":"https:\/\/lesvolcansnews.net\/?p=3005"},"author":{"name":"R\u00e9daction - Les Volcans News","@id":"https:\/\/lesvolcansnews.net\/#\/schema\/person\/82c8bed2e77879ecf6cca63441f57354"},"headline":"Assembl\u00e9e provinciale du Nord-Kivu : c&#8217;est partie avec la premi\u00e8re pl\u00e9ni\u00e8re","datePublished":"2019-04-27T09:00:37+00:00","dateModified":"2019-04-27T09:15:05+00:00","mainEntityOfPage":{"@id":"https:\/\/lesvolcansnews.net\/?p=3005"},"wordCount":135,"commentCount":0,"image":{"@id":"https:\/\/lesvolcansnews.net\/?p=3005#primaryimage"},"thumbnailUrl":"https:\/\/lesvolcansnews.net\/wp-content\/uploads\/2019\/04\/IMG-20190427-WA0021.jpg","articleSection":["POLITIQUE"],"inLanguage":"fr-FR","potentialAction":[{"@type":"CommentAction","name":"Comment","target":["https:\/\/lesvolcansnews.net\/?p=3005#respond"]}]},{"@type":"WebPage","@id":"https:\/\/lesvolcansnews.net\/?p=3005","url":"https:\/\/lesvolcansnews.net\/?p=3005","name":"Assembl\u00e9e provinciale du Nord-Kivu : c'est partie avec la premi\u00e8re pl\u00e9ni\u00e8re - LES VOLCANS NEWS","isPartOf":{"@id":"https:\/\/lesvolcansnews.net\/#website"},"primaryImageOfPage":{"@id":"https:\/\/lesvolcansnews.net\/?p=3005#primaryimage"},"image":{"@id":"https:\/\/lesvolcansnews.net\/?p=3005#primaryimage"},"thumbnailUrl":"https:\/\/lesvolcansnews.net\/wp-content\/uploads\/2019\/04\/IMG-20190427-WA0021.jpg","datePublished":"2019-04-27T09:00:37+00:00","dateModified":"2019-04-27T09:15:05+00:00","author":{"@id":"https:\/\/lesvolcansnews.net\/#\/schema\/person\/82c8bed2e77879ecf6cca63441f57354"},"breadcrumb":{"@id":"https:\/\/lesvolcansnews.net\/?p=3005#breadcrumb"},"inLanguage":"fr-FR","potentialAction":[{"@type":"ReadAction","target":["https:\/\/lesvolcansnews.net\/?p=3005"]}]},{"@type":"ImageObject","inLanguage":"fr-FR","@id":"https:\/\/lesvolcansnews.net\/?p=3005#primaryimage","url":"https:\/\/lesvolcansnews.net\/wp-content\/uploads\/2019\/04\/IMG-20190427-WA0021.jpg","contentUrl":"https:\/\/lesvolcansnews.net\/wp-content\/uploads\/2019\/04\/IMG-20190427-WA0021.jpg","width":1080,"height":931},{"@type":"BreadcrumbList","@id":"https:\/\/lesvolcansnews.net\/?p=3005#breadcrumb","itemListElement":[{"@type":"ListItem","position":1,"name":"Accueil","item":"https:\/\/lesvolcansnews.net\/"},{"@type":"ListItem","position":2,"name":"Assembl\u00e9e provinciale du Nord-Kivu : c&#8217;est partie avec la premi\u00e8re pl\u00e9ni\u00e8re"}]},{"@type":"WebSite","@id":"https:\/\/lesvolcansnews.net\/#website","url":"https:\/\/lesvolcansnews.net\/","name":"LES VOLCANS NEWS","description":"L&#039;INFORMATION C&#039;EST NOUS","potentialAction":[{"@type":"SearchAction","target":{"@type":"EntryPoint","urlTemplate":"https:\/\/lesvolcansnews.net\/?s={search_term_string}"},"query-input":{"@type":"PropertyValueSpecification","valueRequired":true,"valueName":"search_term_string"}}],"inLanguage":"fr-FR"},{"@type":"Person","@id":"https:\/\/lesvolcansnews.net\/#\/schema\/person\/82c8bed2e77879ecf6cca63441f57354","name":"R\u00e9daction - Les Volcans News","image":{"@type":"ImageObject","inLanguage":"fr-FR","@id":"https:\/\/secure.gravatar.com\/avatar\/8408942dd851e8a9c09f3d382a661bc05d2b3cd9002139bc1795b9528cdc6c80?s=96&d=mm&r=g","url":"https:\/\/secure.gravatar.com\/avatar\/8408942dd851e8a9c09f3d382a661bc05d2b3cd9002139bc1795b9528cdc6c80?s=96&d=mm&r=g","contentUrl":"https:\/\/secure.gravatar.com\/avatar\/8408942dd851e8a9c09f3d382a661bc05d2b3cd9002139bc1795b9528cdc6c80?s=96&d=mm&r=g","caption":"R\u00e9daction - Les Volcans News"},"url":"https:\/\/lesvolcansnews.net\/?author=14"}]}},"_links":{"self":[{"href":"https:\/\/lesvolcansnews.net\/index.php?rest_route=\/wp\/v2\/posts\/3005","targetHints":{"allow":["GET"]}}],"collection":[{"href":"https:\/\/lesvolcansnews.net\/index.php?rest_route=\/wp\/v2\/posts"}],"about":[{"href":"https:\/\/lesvolcansnews.net\/index.php?rest_route=\/wp\/v2\/types\/post"}],"author":[{"embeddable":true,"href":"https:\/\/lesvolcansnews.net\/index.php?rest_route=\/wp\/v2\/users\/14"}],"replies":[{"embeddable":true,"href":"https:\/\/lesvolcansnews.net\/index.php?rest_route=%2Fwp%2Fv2%2Fcomments&post=3005"}],"version-history":[{"count":8,"href":"https:\/\/lesvolcansnews.net\/index.php?rest_route=\/wp\/v2\/posts\/3005\/revisions"}],"predecessor-version":[{"id":3013,"href":"https:\/\/lesvolcansnews.net\/index.php?rest_route=\/wp\/v2\/posts\/3005\/revisions\/3013"}],"wp:featuredmedia":[{"embeddable":true,"href":"https:\/\/lesvolcansnews.net\/index.php?rest_route=\/wp\/v2\/media\/3004"}],"wp:attachment":[{"href":"https:\/\/lesvolcansnews.net\/index.php?rest_route=%2Fwp%2Fv2%2Fmedia&parent=3005"}],"wp:term":[{"taxonomy":"category","embeddable":true,"href":"https:\/\/lesvolcansnews.net\/index.php?rest_route=%2Fwp%2Fv2%2Fcategories&post=3005"},{"taxonomy":"post_tag","embeddable":true,"href":"https:\/\/lesvolcansnews.net\/index.php?rest_route=%2Fwp%2Fv2%2Ftags&post=3005"}],"curies":[{"name":"wp","href":"https:\/\/api.w.org\/{rel}","templated":true}]}}