{"id":3001,"date":"2019-04-26T11:23:04","date_gmt":"2019-04-26T11:23:04","guid":{"rendered":"http:\/\/lesvolcansnews.net\/?p=3001"},"modified":"2019-04-26T11:23:18","modified_gmt":"2019-04-26T11:23:18","slug":"sud-kivu-la-snel-et-la-sociv-saccordent-sur-linstallation-des-compteurs-electriques-cash-power-a-bukavu%ef%bb%bf","status":"publish","type":"post","link":"https:\/\/lesvolcansnews.net\/?p=3001","title":{"rendered":"Sud-Kivu : la SNEL et la Sociv s\u2019accordent sur l\u2019installation  des compteurs \u00e9lectriques cash-power \u00e0 Bukavu\ufeff"},"content":{"rendered":"\n<p>La Soci\u00e9t\u00e9 nationale d\u2019\u00e9lectricit\u00e9 (SNEL) Bukavu et \u00a0soclai\u00e9t\u00e9 civile\u00a0 se sont mis d\u2019accord \u00a0d\u2019installer dans un futur proche des compteurs cash-power dans des maisons. <\/p>\n\n\n\n<p>Cette convention a \u00e9t\u00e9 d\u00e9gag\u00e9e apr\u00e8s une s\u00e9ance de\nconcertation tenue au chef-lieu de la province de Sud-Kivu.<\/p>\n\n\n\n<p>M. Patient Bashombe, Pr\u00e9sident bureau de coordination\nde la Soci\u00e9t\u00e9 Civile \u00e0 Bukavu, a indiqu\u00e9 que cette situation est la r\u00e9sultante\nde la probl\u00e9matique de l\u2019\u00e9nergie \u00e9lectrique dans la ville de Bukavu\ncaract\u00e9ris\u00e9e par la surfacturation, l\u2019absence de l\u2019\u00e9clairage public, la coupure\nintempestive du courant et de mani\u00e8re discriminatoire.<\/p>\n\n\n\n<p>Les parties ont indiqu\u00e9 que ces compteurs cash-power\nsont attendus \u00e0 Bukavu dans les tout prochains jours.<\/p>\n\n\n\n<p><strong>REDACTION\n<\/strong><\/p>\n","protected":false},"excerpt":{"rendered":"<p>La Soci\u00e9t\u00e9 nationale d\u2019\u00e9lectricit\u00e9 (SNEL) Bukavu et \u00a0soclai\u00e9t\u00e9 civile\u00a0 se sont mis d\u2019accord \u00a0d\u2019installer dans un futur proche des compteurs cash-power dans des maisons. Cette convention a \u00e9t\u00e9 d\u00e9gag\u00e9e apr\u00e8s<\/p>\n","protected":false},"author":14,"featured_media":3002,"comment_status":"open","ping_status":"open","sticky":false,"template":"","format":"standard","meta":{"footnotes":""},"categories":[8],"tags":[],"class_list":["post-3001","post","type-post","status-publish","format-standard","has-post-thumbnail","hentry","category-economie"],"yoast_head":"<!-- This site is optimized with the Yoast SEO plugin v27.3 - https:\/\/yoast.com\/product\/yoast-seo-wordpress\/ -->\n<title>Sud-Kivu : la SNEL et la Sociv s\u2019accordent sur l\u2019installation des compteurs \u00e9lectriques cash-power \u00e0 Bukavu\ufeff - LES VOLCANS NEWS<\/title>\n<meta name=\"robots\" content=\"index, follow, max-snippet:-1, max-image-preview:large, max-video-preview:-1\" \/>\n<link rel=\"canonical\" href=\"https:\/\/lesvolcansnews.net\/?p=3001\" \/>\n<meta property=\"og:locale\" content=\"fr_FR\" \/>\n<meta property=\"og:type\" content=\"article\" \/>\n<meta property=\"og:title\" content=\"Sud-Kivu : la SNEL et la Sociv s\u2019accordent sur l\u2019installation des compteurs \u00e9lectriques cash-power \u00e0 Bukavu\ufeff - LES VOLCANS NEWS\" \/>\n<meta property=\"og:description\" content=\"La Soci\u00e9t\u00e9 nationale d\u2019\u00e9lectricit\u00e9 (SNEL) Bukavu et \u00a0soclai\u00e9t\u00e9 civile\u00a0 se sont mis d\u2019accord \u00a0d\u2019installer dans un futur proche des compteurs cash-power dans des maisons. Cette convention a \u00e9t\u00e9 d\u00e9gag\u00e9e apr\u00e8s\" \/>\n<meta property=\"og:url\" content=\"https:\/\/lesvolcansnews.net\/?p=3001\" \/>\n<meta property=\"og:site_name\" content=\"LES VOLCANS NEWS\" \/>\n<meta property=\"article:published_time\" content=\"2019-04-26T11:23:04+00:00\" \/>\n<meta property=\"article:modified_time\" content=\"2019-04-26T11:23:18+00:00\" \/>\n<meta property=\"og:image\" content=\"https:\/\/i0.wp.com\/lesvolcansnews.net\/wp-content\/uploads\/2019\/04\/COMPTEUR.jpg?fit=400%2C267&ssl=1\" \/>\n\t<meta property=\"og:image:width\" content=\"400\" \/>\n\t<meta property=\"og:image:height\" content=\"267\" \/>\n\t<meta property=\"og:image:type\" content=\"image\/jpeg\" \/>\n<meta name=\"author\" content=\"R\u00e9daction - Les Volcans News\" \/>\n<meta name=\"twitter:card\" content=\"summary_large_image\" \/>\n<meta name=\"twitter:label1\" content=\"\u00c9crit par\" \/>\n\t<meta name=\"twitter:data1\" content=\"R\u00e9daction - Les Volcans News\" \/>\n\t<meta name=\"twitter:label2\" content=\"Dur\u00e9e de lecture estim\u00e9e\" \/>\n\t<meta name=\"twitter:data2\" content=\"1 minute\" \/>\n<script type=\"application\/ld+json\" class=\"yoast-schema-graph\">{\"@context\":\"https:\\\/\\\/schema.org\",\"@graph\":[{\"@type\":\"Article\",\"@id\":\"https:\\\/\\\/lesvolcansnews.net\\\/?p=3001#article\",\"isPartOf\":{\"@id\":\"https:\\\/\\\/lesvolcansnews.net\\\/?p=3001\"},\"author\":{\"name\":\"R\u00e9daction - Les Volcans News\",\"@id\":\"https:\\\/\\\/lesvolcansnews.net\\\/#\\\/schema\\\/person\\\/82c8bed2e77879ecf6cca63441f57354\"},\"headline\":\"Sud-Kivu : la SNEL et la Sociv s\u2019accordent sur l\u2019installation des compteurs \u00e9lectriques cash-power \u00e0 Bukavu\ufeff\",\"datePublished\":\"2019-04-26T11:23:04+00:00\",\"dateModified\":\"2019-04-26T11:23:18+00:00\",\"mainEntityOfPage\":{\"@id\":\"https:\\\/\\\/lesvolcansnews.net\\\/?p=3001\"},\"wordCount\":142,\"commentCount\":0,\"image\":{\"@id\":\"https:\\\/\\\/lesvolcansnews.net\\\/?p=3001#primaryimage\"},\"thumbnailUrl\":\"https:\\\/\\\/lesvolcansnews.net\\\/wp-content\\\/uploads\\\/2019\\\/04\\\/COMPTEUR.jpg\",\"articleSection\":[\"\u00c9CONOMIE\"],\"inLanguage\":\"fr-FR\",\"potentialAction\":[{\"@type\":\"CommentAction\",\"name\":\"Comment\",\"target\":[\"https:\\\/\\\/lesvolcansnews.net\\\/?p=3001#respond\"]}]},{\"@type\":\"WebPage\",\"@id\":\"https:\\\/\\\/lesvolcansnews.net\\\/?p=3001\",\"url\":\"https:\\\/\\\/lesvolcansnews.net\\\/?p=3001\",\"name\":\"Sud-Kivu : la SNEL et la Sociv s\u2019accordent sur l\u2019installation des compteurs \u00e9lectriques cash-power \u00e0 Bukavu\ufeff - LES VOLCANS NEWS\",\"isPartOf\":{\"@id\":\"https:\\\/\\\/lesvolcansnews.net\\\/#website\"},\"primaryImageOfPage\":{\"@id\":\"https:\\\/\\\/lesvolcansnews.net\\\/?p=3001#primaryimage\"},\"image\":{\"@id\":\"https:\\\/\\\/lesvolcansnews.net\\\/?p=3001#primaryimage\"},\"thumbnailUrl\":\"https:\\\/\\\/lesvolcansnews.net\\\/wp-content\\\/uploads\\\/2019\\\/04\\\/COMPTEUR.jpg\",\"datePublished\":\"2019-04-26T11:23:04+00:00\",\"dateModified\":\"2019-04-26T11:23:18+00:00\",\"author\":{\"@id\":\"https:\\\/\\\/lesvolcansnews.net\\\/#\\\/schema\\\/person\\\/82c8bed2e77879ecf6cca63441f57354\"},\"breadcrumb\":{\"@id\":\"https:\\\/\\\/lesvolcansnews.net\\\/?p=3001#breadcrumb\"},\"inLanguage\":\"fr-FR\",\"potentialAction\":[{\"@type\":\"ReadAction\",\"target\":[\"https:\\\/\\\/lesvolcansnews.net\\\/?p=3001\"]}]},{\"@type\":\"ImageObject\",\"inLanguage\":\"fr-FR\",\"@id\":\"https:\\\/\\\/lesvolcansnews.net\\\/?p=3001#primaryimage\",\"url\":\"https:\\\/\\\/lesvolcansnews.net\\\/wp-content\\\/uploads\\\/2019\\\/04\\\/COMPTEUR.jpg\",\"contentUrl\":\"https:\\\/\\\/lesvolcansnews.net\\\/wp-content\\\/uploads\\\/2019\\\/04\\\/COMPTEUR.jpg\",\"width\":400,\"height\":267},{\"@type\":\"BreadcrumbList\",\"@id\":\"https:\\\/\\\/lesvolcansnews.net\\\/?p=3001#breadcrumb\",\"itemListElement\":[{\"@type\":\"ListItem\",\"position\":1,\"name\":\"Accueil\",\"item\":\"https:\\\/\\\/lesvolcansnews.net\\\/\"},{\"@type\":\"ListItem\",\"position\":2,\"name\":\"Sud-Kivu : la SNEL et la Sociv s\u2019accordent sur l\u2019installation des compteurs \u00e9lectriques cash-power \u00e0 Bukavu\ufeff\"}]},{\"@type\":\"WebSite\",\"@id\":\"https:\\\/\\\/lesvolcansnews.net\\\/#website\",\"url\":\"https:\\\/\\\/lesvolcansnews.net\\\/\",\"name\":\"LES VOLCANS NEWS\",\"description\":\"L&#039;INFORMATION C&#039;EST NOUS\",\"potentialAction\":[{\"@type\":\"SearchAction\",\"target\":{\"@type\":\"EntryPoint\",\"urlTemplate\":\"https:\\\/\\\/lesvolcansnews.net\\\/?s={search_term_string}\"},\"query-input\":{\"@type\":\"PropertyValueSpecification\",\"valueRequired\":true,\"valueName\":\"search_term_string\"}}],\"inLanguage\":\"fr-FR\"},{\"@type\":\"Person\",\"@id\":\"https:\\\/\\\/lesvolcansnews.net\\\/#\\\/schema\\\/person\\\/82c8bed2e77879ecf6cca63441f57354\",\"name\":\"R\u00e9daction - Les Volcans News\",\"image\":{\"@type\":\"ImageObject\",\"inLanguage\":\"fr-FR\",\"@id\":\"https:\\\/\\\/secure.gravatar.com\\\/avatar\\\/8408942dd851e8a9c09f3d382a661bc05d2b3cd9002139bc1795b9528cdc6c80?s=96&d=mm&r=g\",\"url\":\"https:\\\/\\\/secure.gravatar.com\\\/avatar\\\/8408942dd851e8a9c09f3d382a661bc05d2b3cd9002139bc1795b9528cdc6c80?s=96&d=mm&r=g\",\"contentUrl\":\"https:\\\/\\\/secure.gravatar.com\\\/avatar\\\/8408942dd851e8a9c09f3d382a661bc05d2b3cd9002139bc1795b9528cdc6c80?s=96&d=mm&r=g\",\"caption\":\"R\u00e9daction - Les Volcans News\"},\"url\":\"https:\\\/\\\/lesvolcansnews.net\\\/?author=14\"}]}<\/script>\n<!-- \/ Yoast SEO plugin. -->","yoast_head_json":{"title":"Sud-Kivu : la SNEL et la Sociv s\u2019accordent sur l\u2019installation des compteurs \u00e9lectriques cash-power \u00e0 Bukavu\ufeff - LES VOLCANS NEWS","robots":{"index":"index","follow":"follow","max-snippet":"max-snippet:-1","max-image-preview":"max-image-preview:large","max-video-preview":"max-video-preview:-1"},"canonical":"https:\/\/lesvolcansnews.net\/?p=3001","og_locale":"fr_FR","og_type":"article","og_title":"Sud-Kivu : la SNEL et la Sociv s\u2019accordent sur l\u2019installation des compteurs \u00e9lectriques cash-power \u00e0 Bukavu\ufeff - LES VOLCANS NEWS","og_description":"La Soci\u00e9t\u00e9 nationale d\u2019\u00e9lectricit\u00e9 (SNEL) Bukavu et \u00a0soclai\u00e9t\u00e9 civile\u00a0 se sont mis d\u2019accord \u00a0d\u2019installer dans un futur proche des compteurs cash-power dans des maisons. Cette convention a \u00e9t\u00e9 d\u00e9gag\u00e9e apr\u00e8s","og_url":"https:\/\/lesvolcansnews.net\/?p=3001","og_site_name":"LES VOLCANS NEWS","article_published_time":"2019-04-26T11:23:04+00:00","article_modified_time":"2019-04-26T11:23:18+00:00","og_image":[{"width":400,"height":267,"url":"https:\/\/i0.wp.com\/lesvolcansnews.net\/wp-content\/uploads\/2019\/04\/COMPTEUR.jpg?fit=400%2C267&ssl=1","type":"image\/jpeg"}],"author":"R\u00e9daction - Les Volcans News","twitter_card":"summary_large_image","twitter_misc":{"\u00c9crit par":"R\u00e9daction - Les Volcans News","Dur\u00e9e de lecture estim\u00e9e":"1 minute"},"schema":{"@context":"https:\/\/schema.org","@graph":[{"@type":"Article","@id":"https:\/\/lesvolcansnews.net\/?p=3001#article","isPartOf":{"@id":"https:\/\/lesvolcansnews.net\/?p=3001"},"author":{"name":"R\u00e9daction - Les Volcans News","@id":"https:\/\/lesvolcansnews.net\/#\/schema\/person\/82c8bed2e77879ecf6cca63441f57354"},"headline":"Sud-Kivu : la SNEL et la Sociv s\u2019accordent sur l\u2019installation des compteurs \u00e9lectriques cash-power \u00e0 Bukavu\ufeff","datePublished":"2019-04-26T11:23:04+00:00","dateModified":"2019-04-26T11:23:18+00:00","mainEntityOfPage":{"@id":"https:\/\/lesvolcansnews.net\/?p=3001"},"wordCount":142,"commentCount":0,"image":{"@id":"https:\/\/lesvolcansnews.net\/?p=3001#primaryimage"},"thumbnailUrl":"https:\/\/lesvolcansnews.net\/wp-content\/uploads\/2019\/04\/COMPTEUR.jpg","articleSection":["\u00c9CONOMIE"],"inLanguage":"fr-FR","potentialAction":[{"@type":"CommentAction","name":"Comment","target":["https:\/\/lesvolcansnews.net\/?p=3001#respond"]}]},{"@type":"WebPage","@id":"https:\/\/lesvolcansnews.net\/?p=3001","url":"https:\/\/lesvolcansnews.net\/?p=3001","name":"Sud-Kivu : la SNEL et la Sociv s\u2019accordent sur l\u2019installation des compteurs \u00e9lectriques cash-power \u00e0 Bukavu\ufeff - LES VOLCANS NEWS","isPartOf":{"@id":"https:\/\/lesvolcansnews.net\/#website"},"primaryImageOfPage":{"@id":"https:\/\/lesvolcansnews.net\/?p=3001#primaryimage"},"image":{"@id":"https:\/\/lesvolcansnews.net\/?p=3001#primaryimage"},"thumbnailUrl":"https:\/\/lesvolcansnews.net\/wp-content\/uploads\/2019\/04\/COMPTEUR.jpg","datePublished":"2019-04-26T11:23:04+00:00","dateModified":"2019-04-26T11:23:18+00:00","author":{"@id":"https:\/\/lesvolcansnews.net\/#\/schema\/person\/82c8bed2e77879ecf6cca63441f57354"},"breadcrumb":{"@id":"https:\/\/lesvolcansnews.net\/?p=3001#breadcrumb"},"inLanguage":"fr-FR","potentialAction":[{"@type":"ReadAction","target":["https:\/\/lesvolcansnews.net\/?p=3001"]}]},{"@type":"ImageObject","inLanguage":"fr-FR","@id":"https:\/\/lesvolcansnews.net\/?p=3001#primaryimage","url":"https:\/\/lesvolcansnews.net\/wp-content\/uploads\/2019\/04\/COMPTEUR.jpg","contentUrl":"https:\/\/lesvolcansnews.net\/wp-content\/uploads\/2019\/04\/COMPTEUR.jpg","width":400,"height":267},{"@type":"BreadcrumbList","@id":"https:\/\/lesvolcansnews.net\/?p=3001#breadcrumb","itemListElement":[{"@type":"ListItem","position":1,"name":"Accueil","item":"https:\/\/lesvolcansnews.net\/"},{"@type":"ListItem","position":2,"name":"Sud-Kivu : la SNEL et la Sociv s\u2019accordent sur l\u2019installation des compteurs \u00e9lectriques cash-power \u00e0 Bukavu\ufeff"}]},{"@type":"WebSite","@id":"https:\/\/lesvolcansnews.net\/#website","url":"https:\/\/lesvolcansnews.net\/","name":"LES VOLCANS NEWS","description":"L&#039;INFORMATION C&#039;EST NOUS","potentialAction":[{"@type":"SearchAction","target":{"@type":"EntryPoint","urlTemplate":"https:\/\/lesvolcansnews.net\/?s={search_term_string}"},"query-input":{"@type":"PropertyValueSpecification","valueRequired":true,"valueName":"search_term_string"}}],"inLanguage":"fr-FR"},{"@type":"Person","@id":"https:\/\/lesvolcansnews.net\/#\/schema\/person\/82c8bed2e77879ecf6cca63441f57354","name":"R\u00e9daction - Les Volcans News","image":{"@type":"ImageObject","inLanguage":"fr-FR","@id":"https:\/\/secure.gravatar.com\/avatar\/8408942dd851e8a9c09f3d382a661bc05d2b3cd9002139bc1795b9528cdc6c80?s=96&d=mm&r=g","url":"https:\/\/secure.gravatar.com\/avatar\/8408942dd851e8a9c09f3d382a661bc05d2b3cd9002139bc1795b9528cdc6c80?s=96&d=mm&r=g","contentUrl":"https:\/\/secure.gravatar.com\/avatar\/8408942dd851e8a9c09f3d382a661bc05d2b3cd9002139bc1795b9528cdc6c80?s=96&d=mm&r=g","caption":"R\u00e9daction - Les Volcans News"},"url":"https:\/\/lesvolcansnews.net\/?author=14"}]}},"_links":{"self":[{"href":"https:\/\/lesvolcansnews.net\/index.php?rest_route=\/wp\/v2\/posts\/3001","targetHints":{"allow":["GET"]}}],"collection":[{"href":"https:\/\/lesvolcansnews.net\/index.php?rest_route=\/wp\/v2\/posts"}],"about":[{"href":"https:\/\/lesvolcansnews.net\/index.php?rest_route=\/wp\/v2\/types\/post"}],"author":[{"embeddable":true,"href":"https:\/\/lesvolcansnews.net\/index.php?rest_route=\/wp\/v2\/users\/14"}],"replies":[{"embeddable":true,"href":"https:\/\/lesvolcansnews.net\/index.php?rest_route=%2Fwp%2Fv2%2Fcomments&post=3001"}],"version-history":[{"count":1,"href":"https:\/\/lesvolcansnews.net\/index.php?rest_route=\/wp\/v2\/posts\/3001\/revisions"}],"predecessor-version":[{"id":3003,"href":"https:\/\/lesvolcansnews.net\/index.php?rest_route=\/wp\/v2\/posts\/3001\/revisions\/3003"}],"wp:featuredmedia":[{"embeddable":true,"href":"https:\/\/lesvolcansnews.net\/index.php?rest_route=\/wp\/v2\/media\/3002"}],"wp:attachment":[{"href":"https:\/\/lesvolcansnews.net\/index.php?rest_route=%2Fwp%2Fv2%2Fmedia&parent=3001"}],"wp:term":[{"taxonomy":"category","embeddable":true,"href":"https:\/\/lesvolcansnews.net\/index.php?rest_route=%2Fwp%2Fv2%2Fcategories&post=3001"},{"taxonomy":"post_tag","embeddable":true,"href":"https:\/\/lesvolcansnews.net\/index.php?rest_route=%2Fwp%2Fv2%2Ftags&post=3001"}],"curies":[{"name":"wp","href":"https:\/\/api.w.org\/{rel}","templated":true}]}}