{"id":2987,"date":"2019-04-25T20:57:11","date_gmt":"2019-04-25T20:57:11","guid":{"rendered":"http:\/\/lesvolcansnews.net\/2019\/04\/25\/goma-lancement-de-la-campagne-de-vaccination-contre-la-poliomyelite-au-nord-kivu\/"},"modified":"2019-04-25T20:57:11","modified_gmt":"2019-04-25T20:57:11","slug":"goma-lancement-de-la-campagne-de-vaccination-contre-la-poliomyelite-au-nord-kivu","status":"publish","type":"post","link":"https:\/\/lesvolcansnews.net\/?p=2987","title":{"rendered":"Goma : Lancement de la campagne de vaccination contre la poliomy\u00e9lite au Nord-Kivu"},"content":{"rendered":"<p>Le ministre provincial de la sant\u00e9 du Nord-Kivu, M. Christophe Ndibeshe, a lanc\u00e9 la campagne<br \/>\nde vaccination contre la poliomy\u00e9lite dans la province du Nord-Kivu, le mercredi 24 Avril dernier, ay Kihusi dans le territoire de Nyiragongo.<br \/>\nDans son message devant le Chef de division provinciale de la sant\u00e9, les partenaires et les<br \/>\nparents, le ministre a d\u00e9clar\u00e9 ouverte les activit\u00e9s de la campagne de vaccination dans 17 zones de sant\u00e9 de la province du Sud Kivu non touch\u00e9es par la maladie \u00e0 Virus Ebola.<br \/>\n\u00ab <em>les campagnes de vaccination<\/em><br \/>\n<em>pr\u00e9c\u00e9dentes, ont permis \u00e0 nos enfants de r\u00e9sister contre le virus<\/em><br \/>\n<em>et de plus en plus et la R\u00e9publique d\u00e9mocratique du Congo (RDC) s\u2019\u00e9loigne de ce fl\u00e9au qu\u2019est la poliomy\u00e9lite car, depuis que le cas de poliomy\u00e9lite sauvage avait \u00e9t\u00e9 d\u00e9tect\u00e9 dans la province du Maniema, le 20 d\u00e9cembre 2011, le pays n\u2019en a enregistr\u00e9 aucun autre\u00bb,<\/em> a rassur\u00e9 le ministre<br \/>\nprovincial de la sant\u00e9.<\/p>\n<p>A cette occasion, le ministre a invit\u00e9 les parents \u00e0 faire vacciner leurs enfants contre la poliomy\u00e9lite. Il a \u00e9galement remerci\u00e9 les parents de<br \/>\nl\u2019importance qu\u2019ils accordent \u00e0 la vaccination de leurs enfants et pr\u00e9cise que les activit\u00e9s<br \/>\nproprement-dites d\u00e9butent<br \/>\nce jeudi 25et seront cl\u00f4tur\u00e9es ce<br \/>\nsamedi 27 Avril prochain. La journ\u00e9e du dimanche 28 Avril est consacr\u00e9 \u00e0 la r\u00e9cup\u00e9ration des enfants non vaccin\u00e9s et ceux dont les parents n&#8217;\u00e9taient \u00e0 la maison lors du passage des \u00e9quipes de vaccination, a indiqu\u00e9 le ministre.<\/p>\n<p><strong><em>R\u00e9daction<\/em><\/strong><\/p>\n","protected":false},"excerpt":{"rendered":"<p>Le ministre provincial de la sant\u00e9 du Nord-Kivu, M. Christophe Ndibeshe, a lanc\u00e9 la campagne de vaccination contre la poliomy\u00e9lite dans la province du Nord-Kivu, le mercredi 24 Avril dernier,<\/p>\n","protected":false},"author":14,"featured_media":2986,"comment_status":"open","ping_status":"open","sticky":false,"template":"","format":"standard","meta":{"footnotes":""},"categories":[9],"tags":[],"class_list":["post-2987","post","type-post","status-publish","format-standard","has-post-thumbnail","hentry","category-societe"],"yoast_head":"<!-- This site is optimized with the Yoast SEO plugin v27.3 - https:\/\/yoast.com\/product\/yoast-seo-wordpress\/ -->\n<title>Goma : Lancement de la campagne de vaccination contre la poliomy\u00e9lite au Nord-Kivu - LES VOLCANS NEWS<\/title>\n<meta name=\"robots\" content=\"index, follow, max-snippet:-1, max-image-preview:large, max-video-preview:-1\" \/>\n<link rel=\"canonical\" href=\"https:\/\/lesvolcansnews.net\/?p=2987\" \/>\n<meta property=\"og:locale\" content=\"fr_FR\" \/>\n<meta property=\"og:type\" content=\"article\" \/>\n<meta property=\"og:title\" content=\"Goma : Lancement de la campagne de vaccination contre la poliomy\u00e9lite au Nord-Kivu - LES VOLCANS NEWS\" \/>\n<meta property=\"og:description\" content=\"Le ministre provincial de la sant\u00e9 du Nord-Kivu, M. Christophe Ndibeshe, a lanc\u00e9 la campagne de vaccination contre la poliomy\u00e9lite dans la province du Nord-Kivu, le mercredi 24 Avril dernier,\" \/>\n<meta property=\"og:url\" content=\"https:\/\/lesvolcansnews.net\/?p=2987\" \/>\n<meta property=\"og:site_name\" content=\"LES VOLCANS NEWS\" \/>\n<meta property=\"article:published_time\" content=\"2019-04-25T20:57:11+00:00\" \/>\n<meta property=\"og:image\" content=\"https:\/\/i0.wp.com\/lesvolcansnews.net\/wp-content\/uploads\/2019\/04\/iuiyioyiyoiyo.jpg?fit=1024%2C683&ssl=1\" \/>\n\t<meta property=\"og:image:width\" content=\"1024\" \/>\n\t<meta property=\"og:image:height\" content=\"683\" \/>\n\t<meta property=\"og:image:type\" content=\"image\/jpeg\" \/>\n<meta name=\"author\" content=\"R\u00e9daction - Les Volcans News\" \/>\n<meta name=\"twitter:card\" content=\"summary_large_image\" \/>\n<meta name=\"twitter:label1\" content=\"\u00c9crit par\" \/>\n\t<meta name=\"twitter:data1\" content=\"R\u00e9daction - Les Volcans News\" \/>\n\t<meta name=\"twitter:label2\" content=\"Dur\u00e9e de lecture estim\u00e9e\" \/>\n\t<meta name=\"twitter:data2\" content=\"1 minute\" \/>\n<script type=\"application\/ld+json\" class=\"yoast-schema-graph\">{\"@context\":\"https:\\\/\\\/schema.org\",\"@graph\":[{\"@type\":\"Article\",\"@id\":\"https:\\\/\\\/lesvolcansnews.net\\\/?p=2987#article\",\"isPartOf\":{\"@id\":\"https:\\\/\\\/lesvolcansnews.net\\\/?p=2987\"},\"author\":{\"name\":\"R\u00e9daction - Les Volcans News\",\"@id\":\"https:\\\/\\\/lesvolcansnews.net\\\/#\\\/schema\\\/person\\\/82c8bed2e77879ecf6cca63441f57354\"},\"headline\":\"Goma : Lancement de la campagne de vaccination contre la poliomy\u00e9lite au Nord-Kivu\",\"datePublished\":\"2019-04-25T20:57:11+00:00\",\"mainEntityOfPage\":{\"@id\":\"https:\\\/\\\/lesvolcansnews.net\\\/?p=2987\"},\"wordCount\":272,\"commentCount\":0,\"image\":{\"@id\":\"https:\\\/\\\/lesvolcansnews.net\\\/?p=2987#primaryimage\"},\"thumbnailUrl\":\"https:\\\/\\\/lesvolcansnews.net\\\/wp-content\\\/uploads\\\/2019\\\/04\\\/iuiyioyiyoiyo.jpg\",\"articleSection\":[\"SOCIET\u00c9\"],\"inLanguage\":\"fr-FR\",\"potentialAction\":[{\"@type\":\"CommentAction\",\"name\":\"Comment\",\"target\":[\"https:\\\/\\\/lesvolcansnews.net\\\/?p=2987#respond\"]}]},{\"@type\":\"WebPage\",\"@id\":\"https:\\\/\\\/lesvolcansnews.net\\\/?p=2987\",\"url\":\"https:\\\/\\\/lesvolcansnews.net\\\/?p=2987\",\"name\":\"Goma : Lancement de la campagne de vaccination contre la poliomy\u00e9lite au Nord-Kivu - LES VOLCANS NEWS\",\"isPartOf\":{\"@id\":\"https:\\\/\\\/lesvolcansnews.net\\\/#website\"},\"primaryImageOfPage\":{\"@id\":\"https:\\\/\\\/lesvolcansnews.net\\\/?p=2987#primaryimage\"},\"image\":{\"@id\":\"https:\\\/\\\/lesvolcansnews.net\\\/?p=2987#primaryimage\"},\"thumbnailUrl\":\"https:\\\/\\\/lesvolcansnews.net\\\/wp-content\\\/uploads\\\/2019\\\/04\\\/iuiyioyiyoiyo.jpg\",\"datePublished\":\"2019-04-25T20:57:11+00:00\",\"author\":{\"@id\":\"https:\\\/\\\/lesvolcansnews.net\\\/#\\\/schema\\\/person\\\/82c8bed2e77879ecf6cca63441f57354\"},\"breadcrumb\":{\"@id\":\"https:\\\/\\\/lesvolcansnews.net\\\/?p=2987#breadcrumb\"},\"inLanguage\":\"fr-FR\",\"potentialAction\":[{\"@type\":\"ReadAction\",\"target\":[\"https:\\\/\\\/lesvolcansnews.net\\\/?p=2987\"]}]},{\"@type\":\"ImageObject\",\"inLanguage\":\"fr-FR\",\"@id\":\"https:\\\/\\\/lesvolcansnews.net\\\/?p=2987#primaryimage\",\"url\":\"https:\\\/\\\/lesvolcansnews.net\\\/wp-content\\\/uploads\\\/2019\\\/04\\\/iuiyioyiyoiyo.jpg\",\"contentUrl\":\"https:\\\/\\\/lesvolcansnews.net\\\/wp-content\\\/uploads\\\/2019\\\/04\\\/iuiyioyiyoiyo.jpg\",\"width\":1024,\"height\":683},{\"@type\":\"BreadcrumbList\",\"@id\":\"https:\\\/\\\/lesvolcansnews.net\\\/?p=2987#breadcrumb\",\"itemListElement\":[{\"@type\":\"ListItem\",\"position\":1,\"name\":\"Accueil\",\"item\":\"https:\\\/\\\/lesvolcansnews.net\\\/\"},{\"@type\":\"ListItem\",\"position\":2,\"name\":\"Goma : Lancement de la campagne de vaccination contre la poliomy\u00e9lite au Nord-Kivu\"}]},{\"@type\":\"WebSite\",\"@id\":\"https:\\\/\\\/lesvolcansnews.net\\\/#website\",\"url\":\"https:\\\/\\\/lesvolcansnews.net\\\/\",\"name\":\"LES VOLCANS NEWS\",\"description\":\"L&#039;INFORMATION C&#039;EST NOUS\",\"potentialAction\":[{\"@type\":\"SearchAction\",\"target\":{\"@type\":\"EntryPoint\",\"urlTemplate\":\"https:\\\/\\\/lesvolcansnews.net\\\/?s={search_term_string}\"},\"query-input\":{\"@type\":\"PropertyValueSpecification\",\"valueRequired\":true,\"valueName\":\"search_term_string\"}}],\"inLanguage\":\"fr-FR\"},{\"@type\":\"Person\",\"@id\":\"https:\\\/\\\/lesvolcansnews.net\\\/#\\\/schema\\\/person\\\/82c8bed2e77879ecf6cca63441f57354\",\"name\":\"R\u00e9daction - Les Volcans News\",\"image\":{\"@type\":\"ImageObject\",\"inLanguage\":\"fr-FR\",\"@id\":\"https:\\\/\\\/secure.gravatar.com\\\/avatar\\\/8408942dd851e8a9c09f3d382a661bc05d2b3cd9002139bc1795b9528cdc6c80?s=96&d=mm&r=g\",\"url\":\"https:\\\/\\\/secure.gravatar.com\\\/avatar\\\/8408942dd851e8a9c09f3d382a661bc05d2b3cd9002139bc1795b9528cdc6c80?s=96&d=mm&r=g\",\"contentUrl\":\"https:\\\/\\\/secure.gravatar.com\\\/avatar\\\/8408942dd851e8a9c09f3d382a661bc05d2b3cd9002139bc1795b9528cdc6c80?s=96&d=mm&r=g\",\"caption\":\"R\u00e9daction - Les Volcans News\"},\"url\":\"https:\\\/\\\/lesvolcansnews.net\\\/?author=14\"}]}<\/script>\n<!-- \/ Yoast SEO plugin. -->","yoast_head_json":{"title":"Goma : Lancement de la campagne de vaccination contre la poliomy\u00e9lite au Nord-Kivu - LES VOLCANS NEWS","robots":{"index":"index","follow":"follow","max-snippet":"max-snippet:-1","max-image-preview":"max-image-preview:large","max-video-preview":"max-video-preview:-1"},"canonical":"https:\/\/lesvolcansnews.net\/?p=2987","og_locale":"fr_FR","og_type":"article","og_title":"Goma : Lancement de la campagne de vaccination contre la poliomy\u00e9lite au Nord-Kivu - LES VOLCANS NEWS","og_description":"Le ministre provincial de la sant\u00e9 du Nord-Kivu, M. Christophe Ndibeshe, a lanc\u00e9 la campagne de vaccination contre la poliomy\u00e9lite dans la province du Nord-Kivu, le mercredi 24 Avril dernier,","og_url":"https:\/\/lesvolcansnews.net\/?p=2987","og_site_name":"LES VOLCANS NEWS","article_published_time":"2019-04-25T20:57:11+00:00","og_image":[{"width":1024,"height":683,"url":"https:\/\/i0.wp.com\/lesvolcansnews.net\/wp-content\/uploads\/2019\/04\/iuiyioyiyoiyo.jpg?fit=1024%2C683&ssl=1","type":"image\/jpeg"}],"author":"R\u00e9daction - Les Volcans News","twitter_card":"summary_large_image","twitter_misc":{"\u00c9crit par":"R\u00e9daction - Les Volcans News","Dur\u00e9e de lecture estim\u00e9e":"1 minute"},"schema":{"@context":"https:\/\/schema.org","@graph":[{"@type":"Article","@id":"https:\/\/lesvolcansnews.net\/?p=2987#article","isPartOf":{"@id":"https:\/\/lesvolcansnews.net\/?p=2987"},"author":{"name":"R\u00e9daction - Les Volcans News","@id":"https:\/\/lesvolcansnews.net\/#\/schema\/person\/82c8bed2e77879ecf6cca63441f57354"},"headline":"Goma : Lancement de la campagne de vaccination contre la poliomy\u00e9lite au Nord-Kivu","datePublished":"2019-04-25T20:57:11+00:00","mainEntityOfPage":{"@id":"https:\/\/lesvolcansnews.net\/?p=2987"},"wordCount":272,"commentCount":0,"image":{"@id":"https:\/\/lesvolcansnews.net\/?p=2987#primaryimage"},"thumbnailUrl":"https:\/\/lesvolcansnews.net\/wp-content\/uploads\/2019\/04\/iuiyioyiyoiyo.jpg","articleSection":["SOCIET\u00c9"],"inLanguage":"fr-FR","potentialAction":[{"@type":"CommentAction","name":"Comment","target":["https:\/\/lesvolcansnews.net\/?p=2987#respond"]}]},{"@type":"WebPage","@id":"https:\/\/lesvolcansnews.net\/?p=2987","url":"https:\/\/lesvolcansnews.net\/?p=2987","name":"Goma : Lancement de la campagne de vaccination contre la poliomy\u00e9lite au Nord-Kivu - LES VOLCANS NEWS","isPartOf":{"@id":"https:\/\/lesvolcansnews.net\/#website"},"primaryImageOfPage":{"@id":"https:\/\/lesvolcansnews.net\/?p=2987#primaryimage"},"image":{"@id":"https:\/\/lesvolcansnews.net\/?p=2987#primaryimage"},"thumbnailUrl":"https:\/\/lesvolcansnews.net\/wp-content\/uploads\/2019\/04\/iuiyioyiyoiyo.jpg","datePublished":"2019-04-25T20:57:11+00:00","author":{"@id":"https:\/\/lesvolcansnews.net\/#\/schema\/person\/82c8bed2e77879ecf6cca63441f57354"},"breadcrumb":{"@id":"https:\/\/lesvolcansnews.net\/?p=2987#breadcrumb"},"inLanguage":"fr-FR","potentialAction":[{"@type":"ReadAction","target":["https:\/\/lesvolcansnews.net\/?p=2987"]}]},{"@type":"ImageObject","inLanguage":"fr-FR","@id":"https:\/\/lesvolcansnews.net\/?p=2987#primaryimage","url":"https:\/\/lesvolcansnews.net\/wp-content\/uploads\/2019\/04\/iuiyioyiyoiyo.jpg","contentUrl":"https:\/\/lesvolcansnews.net\/wp-content\/uploads\/2019\/04\/iuiyioyiyoiyo.jpg","width":1024,"height":683},{"@type":"BreadcrumbList","@id":"https:\/\/lesvolcansnews.net\/?p=2987#breadcrumb","itemListElement":[{"@type":"ListItem","position":1,"name":"Accueil","item":"https:\/\/lesvolcansnews.net\/"},{"@type":"ListItem","position":2,"name":"Goma : Lancement de la campagne de vaccination contre la poliomy\u00e9lite au Nord-Kivu"}]},{"@type":"WebSite","@id":"https:\/\/lesvolcansnews.net\/#website","url":"https:\/\/lesvolcansnews.net\/","name":"LES VOLCANS NEWS","description":"L&#039;INFORMATION C&#039;EST NOUS","potentialAction":[{"@type":"SearchAction","target":{"@type":"EntryPoint","urlTemplate":"https:\/\/lesvolcansnews.net\/?s={search_term_string}"},"query-input":{"@type":"PropertyValueSpecification","valueRequired":true,"valueName":"search_term_string"}}],"inLanguage":"fr-FR"},{"@type":"Person","@id":"https:\/\/lesvolcansnews.net\/#\/schema\/person\/82c8bed2e77879ecf6cca63441f57354","name":"R\u00e9daction - Les Volcans News","image":{"@type":"ImageObject","inLanguage":"fr-FR","@id":"https:\/\/secure.gravatar.com\/avatar\/8408942dd851e8a9c09f3d382a661bc05d2b3cd9002139bc1795b9528cdc6c80?s=96&d=mm&r=g","url":"https:\/\/secure.gravatar.com\/avatar\/8408942dd851e8a9c09f3d382a661bc05d2b3cd9002139bc1795b9528cdc6c80?s=96&d=mm&r=g","contentUrl":"https:\/\/secure.gravatar.com\/avatar\/8408942dd851e8a9c09f3d382a661bc05d2b3cd9002139bc1795b9528cdc6c80?s=96&d=mm&r=g","caption":"R\u00e9daction - Les Volcans News"},"url":"https:\/\/lesvolcansnews.net\/?author=14"}]}},"_links":{"self":[{"href":"https:\/\/lesvolcansnews.net\/index.php?rest_route=\/wp\/v2\/posts\/2987","targetHints":{"allow":["GET"]}}],"collection":[{"href":"https:\/\/lesvolcansnews.net\/index.php?rest_route=\/wp\/v2\/posts"}],"about":[{"href":"https:\/\/lesvolcansnews.net\/index.php?rest_route=\/wp\/v2\/types\/post"}],"author":[{"embeddable":true,"href":"https:\/\/lesvolcansnews.net\/index.php?rest_route=\/wp\/v2\/users\/14"}],"replies":[{"embeddable":true,"href":"https:\/\/lesvolcansnews.net\/index.php?rest_route=%2Fwp%2Fv2%2Fcomments&post=2987"}],"version-history":[{"count":0,"href":"https:\/\/lesvolcansnews.net\/index.php?rest_route=\/wp\/v2\/posts\/2987\/revisions"}],"wp:featuredmedia":[{"embeddable":true,"href":"https:\/\/lesvolcansnews.net\/index.php?rest_route=\/wp\/v2\/media\/2986"}],"wp:attachment":[{"href":"https:\/\/lesvolcansnews.net\/index.php?rest_route=%2Fwp%2Fv2%2Fmedia&parent=2987"}],"wp:term":[{"taxonomy":"category","embeddable":true,"href":"https:\/\/lesvolcansnews.net\/index.php?rest_route=%2Fwp%2Fv2%2Fcategories&post=2987"},{"taxonomy":"post_tag","embeddable":true,"href":"https:\/\/lesvolcansnews.net\/index.php?rest_route=%2Fwp%2Fv2%2Ftags&post=2987"}],"curies":[{"name":"wp","href":"https:\/\/api.w.org\/{rel}","templated":true}]}}