{"id":2985,"date":"2019-04-25T04:23:33","date_gmt":"2019-04-25T04:23:33","guid":{"rendered":"http:\/\/lesvolcansnews.net\/2019\/04\/25\/elimin-u23-coup-de-tonneres-dans-la-taniere-de-leopardaux-le-maroc-repeche\/"},"modified":"2019-04-25T04:23:33","modified_gmt":"2019-04-25T04:23:33","slug":"elimin-u23-coup-de-tonneres-dans-la-taniere-de-leopardaux-le-maroc-repeche","status":"publish","type":"post","link":"https:\/\/lesvolcansnews.net\/?p=2985","title":{"rendered":"Elimin U23 : Coup de tonneres dans la tani\u00e8re de l\u00e9opardaux, le Maroc rep\u00each\u00e9"},"content":{"rendered":"<p>La Conf\u00e9d\u00e9ration Africaine de football Association (CAF) a jug\u00e9 recevable et fond\u00e9e la requ\u00eate introduite par la F\u00e9d\u00e9ration royale Marocaine accusant la FECOFA d&#8217;avoir utilis\u00e9e un joueur in\u00e9ligible.<\/p>\n<p>Il s&#8217;agit du d\u00e9fenseur du TP Mazembe de Lubumbashi et capitaine des L\u00e9opardeaux, Ars\u00e8ne zola, qui serait \u00e0 la base de cette disqualification pour fraude de documents.<\/p>\n<p>Battus \u00e0 Kinshasa sur la note de 2buts \u00e0 brosse et victorieux, chez un par un score insuffisant de 1 \u00e0 z\u00e9ro, les Lionceaux d&#8217;Atlas du Maroc sont ainsi qualifi\u00e9s pour le prochain tour des \u00e9liminatoires des jeux olympiques Tokyo 2020.<\/p>\n<p>Notons que Sur le site de la CAF, Ars\u00e8ne Zola est n\u00e9 le 23 f\u00e9vrier 1996. Ce qui est paradoxal au r\u00e8glement de la comp\u00e9tition, qui ne prend en compte que les joueurs qui sont n\u00e9s apr\u00e8s le 1er janvier 1997. Mais sur le passeport du joueur, c\u2019est l\u2019ann\u00e9e 1997 qui y revient.<\/p>\n<p>Les hommes de Christian Nsengi Biembe et toute la nation congolaise se souviendront de cette mal\u00e9diction qui frappe le pays des l\u00e9opards malgr\u00e9 leur bon \u00e9lan.<\/p>\n<p><em><strong>Cedrick Sadiki<\/strong><\/em><\/p>\n","protected":false},"excerpt":{"rendered":"<p>La Conf\u00e9d\u00e9ration Africaine de football Association (CAF) a jug\u00e9 recevable et fond\u00e9e la requ\u00eate introduite par la F\u00e9d\u00e9ration royale Marocaine accusant la FECOFA d&#8217;avoir utilis\u00e9e un joueur in\u00e9ligible. Il s&#8217;agit<\/p>\n","protected":false},"author":14,"featured_media":2984,"comment_status":"open","ping_status":"open","sticky":false,"template":"","format":"standard","meta":{"footnotes":""},"categories":[11],"tags":[],"class_list":["post-2985","post","type-post","status-publish","format-standard","has-post-thumbnail","hentry","category-sports"],"yoast_head":"<!-- This site is optimized with the Yoast SEO plugin v27.3 - https:\/\/yoast.com\/product\/yoast-seo-wordpress\/ -->\n<title>Elimin U23 : Coup de tonneres dans la tani\u00e8re de l\u00e9opardaux, le Maroc rep\u00each\u00e9 - LES VOLCANS NEWS<\/title>\n<meta name=\"robots\" content=\"index, follow, max-snippet:-1, max-image-preview:large, max-video-preview:-1\" \/>\n<link rel=\"canonical\" href=\"https:\/\/lesvolcansnews.net\/?p=2985\" \/>\n<meta property=\"og:locale\" content=\"fr_FR\" \/>\n<meta property=\"og:type\" content=\"article\" \/>\n<meta property=\"og:title\" content=\"Elimin U23 : Coup de tonneres dans la tani\u00e8re de l\u00e9opardaux, le Maroc rep\u00each\u00e9 - LES VOLCANS NEWS\" \/>\n<meta property=\"og:description\" content=\"La Conf\u00e9d\u00e9ration Africaine de football Association (CAF) a jug\u00e9 recevable et fond\u00e9e la requ\u00eate introduite par la F\u00e9d\u00e9ration royale Marocaine accusant la FECOFA d&#8217;avoir utilis\u00e9e un joueur in\u00e9ligible. Il s&#8217;agit\" \/>\n<meta property=\"og:url\" content=\"https:\/\/lesvolcansnews.net\/?p=2985\" \/>\n<meta property=\"og:site_name\" content=\"LES VOLCANS NEWS\" \/>\n<meta property=\"article:published_time\" content=\"2019-04-25T04:23:33+00:00\" \/>\n<meta property=\"og:image\" content=\"https:\/\/i0.wp.com\/lesvolcansnews.net\/wp-content\/uploads\/2019\/04\/Can-2019-la-RD-Congo-exclut-au-profit-du-Maroc-1.jpg?fit=696%2C289&ssl=1\" \/>\n\t<meta property=\"og:image:width\" content=\"696\" \/>\n\t<meta property=\"og:image:height\" content=\"289\" \/>\n\t<meta property=\"og:image:type\" content=\"image\/jpeg\" \/>\n<meta name=\"author\" content=\"R\u00e9daction - Les Volcans News\" \/>\n<meta name=\"twitter:card\" content=\"summary_large_image\" \/>\n<meta name=\"twitter:label1\" content=\"\u00c9crit par\" \/>\n\t<meta name=\"twitter:data1\" content=\"R\u00e9daction - Les Volcans News\" \/>\n\t<meta name=\"twitter:label2\" content=\"Dur\u00e9e de lecture estim\u00e9e\" \/>\n\t<meta name=\"twitter:data2\" content=\"1 minute\" \/>\n<script type=\"application\/ld+json\" class=\"yoast-schema-graph\">{\"@context\":\"https:\\\/\\\/schema.org\",\"@graph\":[{\"@type\":\"Article\",\"@id\":\"https:\\\/\\\/lesvolcansnews.net\\\/?p=2985#article\",\"isPartOf\":{\"@id\":\"https:\\\/\\\/lesvolcansnews.net\\\/?p=2985\"},\"author\":{\"name\":\"R\u00e9daction - Les Volcans News\",\"@id\":\"https:\\\/\\\/lesvolcansnews.net\\\/#\\\/schema\\\/person\\\/82c8bed2e77879ecf6cca63441f57354\"},\"headline\":\"Elimin U23 : Coup de tonneres dans la tani\u00e8re de l\u00e9opardaux, le Maroc rep\u00each\u00e9\",\"datePublished\":\"2019-04-25T04:23:33+00:00\",\"mainEntityOfPage\":{\"@id\":\"https:\\\/\\\/lesvolcansnews.net\\\/?p=2985\"},\"wordCount\":210,\"commentCount\":0,\"image\":{\"@id\":\"https:\\\/\\\/lesvolcansnews.net\\\/?p=2985#primaryimage\"},\"thumbnailUrl\":\"https:\\\/\\\/lesvolcansnews.net\\\/wp-content\\\/uploads\\\/2019\\\/04\\\/Can-2019-la-RD-Congo-exclut-au-profit-du-Maroc-1.jpg\",\"articleSection\":[\"SPORTS\"],\"inLanguage\":\"fr-FR\",\"potentialAction\":[{\"@type\":\"CommentAction\",\"name\":\"Comment\",\"target\":[\"https:\\\/\\\/lesvolcansnews.net\\\/?p=2985#respond\"]}]},{\"@type\":\"WebPage\",\"@id\":\"https:\\\/\\\/lesvolcansnews.net\\\/?p=2985\",\"url\":\"https:\\\/\\\/lesvolcansnews.net\\\/?p=2985\",\"name\":\"Elimin U23 : Coup de tonneres dans la tani\u00e8re de l\u00e9opardaux, le Maroc rep\u00each\u00e9 - LES VOLCANS NEWS\",\"isPartOf\":{\"@id\":\"https:\\\/\\\/lesvolcansnews.net\\\/#website\"},\"primaryImageOfPage\":{\"@id\":\"https:\\\/\\\/lesvolcansnews.net\\\/?p=2985#primaryimage\"},\"image\":{\"@id\":\"https:\\\/\\\/lesvolcansnews.net\\\/?p=2985#primaryimage\"},\"thumbnailUrl\":\"https:\\\/\\\/lesvolcansnews.net\\\/wp-content\\\/uploads\\\/2019\\\/04\\\/Can-2019-la-RD-Congo-exclut-au-profit-du-Maroc-1.jpg\",\"datePublished\":\"2019-04-25T04:23:33+00:00\",\"author\":{\"@id\":\"https:\\\/\\\/lesvolcansnews.net\\\/#\\\/schema\\\/person\\\/82c8bed2e77879ecf6cca63441f57354\"},\"breadcrumb\":{\"@id\":\"https:\\\/\\\/lesvolcansnews.net\\\/?p=2985#breadcrumb\"},\"inLanguage\":\"fr-FR\",\"potentialAction\":[{\"@type\":\"ReadAction\",\"target\":[\"https:\\\/\\\/lesvolcansnews.net\\\/?p=2985\"]}]},{\"@type\":\"ImageObject\",\"inLanguage\":\"fr-FR\",\"@id\":\"https:\\\/\\\/lesvolcansnews.net\\\/?p=2985#primaryimage\",\"url\":\"https:\\\/\\\/lesvolcansnews.net\\\/wp-content\\\/uploads\\\/2019\\\/04\\\/Can-2019-la-RD-Congo-exclut-au-profit-du-Maroc-1.jpg\",\"contentUrl\":\"https:\\\/\\\/lesvolcansnews.net\\\/wp-content\\\/uploads\\\/2019\\\/04\\\/Can-2019-la-RD-Congo-exclut-au-profit-du-Maroc-1.jpg\",\"width\":696,\"height\":289},{\"@type\":\"BreadcrumbList\",\"@id\":\"https:\\\/\\\/lesvolcansnews.net\\\/?p=2985#breadcrumb\",\"itemListElement\":[{\"@type\":\"ListItem\",\"position\":1,\"name\":\"Accueil\",\"item\":\"https:\\\/\\\/lesvolcansnews.net\\\/\"},{\"@type\":\"ListItem\",\"position\":2,\"name\":\"Elimin U23 : Coup de tonneres dans la tani\u00e8re de l\u00e9opardaux, le Maroc rep\u00each\u00e9\"}]},{\"@type\":\"WebSite\",\"@id\":\"https:\\\/\\\/lesvolcansnews.net\\\/#website\",\"url\":\"https:\\\/\\\/lesvolcansnews.net\\\/\",\"name\":\"LES VOLCANS NEWS\",\"description\":\"L&#039;INFORMATION C&#039;EST NOUS\",\"potentialAction\":[{\"@type\":\"SearchAction\",\"target\":{\"@type\":\"EntryPoint\",\"urlTemplate\":\"https:\\\/\\\/lesvolcansnews.net\\\/?s={search_term_string}\"},\"query-input\":{\"@type\":\"PropertyValueSpecification\",\"valueRequired\":true,\"valueName\":\"search_term_string\"}}],\"inLanguage\":\"fr-FR\"},{\"@type\":\"Person\",\"@id\":\"https:\\\/\\\/lesvolcansnews.net\\\/#\\\/schema\\\/person\\\/82c8bed2e77879ecf6cca63441f57354\",\"name\":\"R\u00e9daction - Les Volcans News\",\"image\":{\"@type\":\"ImageObject\",\"inLanguage\":\"fr-FR\",\"@id\":\"https:\\\/\\\/secure.gravatar.com\\\/avatar\\\/8408942dd851e8a9c09f3d382a661bc05d2b3cd9002139bc1795b9528cdc6c80?s=96&d=mm&r=g\",\"url\":\"https:\\\/\\\/secure.gravatar.com\\\/avatar\\\/8408942dd851e8a9c09f3d382a661bc05d2b3cd9002139bc1795b9528cdc6c80?s=96&d=mm&r=g\",\"contentUrl\":\"https:\\\/\\\/secure.gravatar.com\\\/avatar\\\/8408942dd851e8a9c09f3d382a661bc05d2b3cd9002139bc1795b9528cdc6c80?s=96&d=mm&r=g\",\"caption\":\"R\u00e9daction - Les Volcans News\"},\"url\":\"https:\\\/\\\/lesvolcansnews.net\\\/?author=14\"}]}<\/script>\n<!-- \/ Yoast SEO plugin. -->","yoast_head_json":{"title":"Elimin U23 : Coup de tonneres dans la tani\u00e8re de l\u00e9opardaux, le Maroc rep\u00each\u00e9 - LES VOLCANS NEWS","robots":{"index":"index","follow":"follow","max-snippet":"max-snippet:-1","max-image-preview":"max-image-preview:large","max-video-preview":"max-video-preview:-1"},"canonical":"https:\/\/lesvolcansnews.net\/?p=2985","og_locale":"fr_FR","og_type":"article","og_title":"Elimin U23 : Coup de tonneres dans la tani\u00e8re de l\u00e9opardaux, le Maroc rep\u00each\u00e9 - LES VOLCANS NEWS","og_description":"La Conf\u00e9d\u00e9ration Africaine de football Association (CAF) a jug\u00e9 recevable et fond\u00e9e la requ\u00eate introduite par la F\u00e9d\u00e9ration royale Marocaine accusant la FECOFA d&#8217;avoir utilis\u00e9e un joueur in\u00e9ligible. Il s&#8217;agit","og_url":"https:\/\/lesvolcansnews.net\/?p=2985","og_site_name":"LES VOLCANS NEWS","article_published_time":"2019-04-25T04:23:33+00:00","og_image":[{"width":696,"height":289,"url":"https:\/\/i0.wp.com\/lesvolcansnews.net\/wp-content\/uploads\/2019\/04\/Can-2019-la-RD-Congo-exclut-au-profit-du-Maroc-1.jpg?fit=696%2C289&ssl=1","type":"image\/jpeg"}],"author":"R\u00e9daction - Les Volcans News","twitter_card":"summary_large_image","twitter_misc":{"\u00c9crit par":"R\u00e9daction - Les Volcans News","Dur\u00e9e de lecture estim\u00e9e":"1 minute"},"schema":{"@context":"https:\/\/schema.org","@graph":[{"@type":"Article","@id":"https:\/\/lesvolcansnews.net\/?p=2985#article","isPartOf":{"@id":"https:\/\/lesvolcansnews.net\/?p=2985"},"author":{"name":"R\u00e9daction - Les Volcans News","@id":"https:\/\/lesvolcansnews.net\/#\/schema\/person\/82c8bed2e77879ecf6cca63441f57354"},"headline":"Elimin U23 : Coup de tonneres dans la tani\u00e8re de l\u00e9opardaux, le Maroc rep\u00each\u00e9","datePublished":"2019-04-25T04:23:33+00:00","mainEntityOfPage":{"@id":"https:\/\/lesvolcansnews.net\/?p=2985"},"wordCount":210,"commentCount":0,"image":{"@id":"https:\/\/lesvolcansnews.net\/?p=2985#primaryimage"},"thumbnailUrl":"https:\/\/lesvolcansnews.net\/wp-content\/uploads\/2019\/04\/Can-2019-la-RD-Congo-exclut-au-profit-du-Maroc-1.jpg","articleSection":["SPORTS"],"inLanguage":"fr-FR","potentialAction":[{"@type":"CommentAction","name":"Comment","target":["https:\/\/lesvolcansnews.net\/?p=2985#respond"]}]},{"@type":"WebPage","@id":"https:\/\/lesvolcansnews.net\/?p=2985","url":"https:\/\/lesvolcansnews.net\/?p=2985","name":"Elimin U23 : Coup de tonneres dans la tani\u00e8re de l\u00e9opardaux, le Maroc rep\u00each\u00e9 - LES VOLCANS NEWS","isPartOf":{"@id":"https:\/\/lesvolcansnews.net\/#website"},"primaryImageOfPage":{"@id":"https:\/\/lesvolcansnews.net\/?p=2985#primaryimage"},"image":{"@id":"https:\/\/lesvolcansnews.net\/?p=2985#primaryimage"},"thumbnailUrl":"https:\/\/lesvolcansnews.net\/wp-content\/uploads\/2019\/04\/Can-2019-la-RD-Congo-exclut-au-profit-du-Maroc-1.jpg","datePublished":"2019-04-25T04:23:33+00:00","author":{"@id":"https:\/\/lesvolcansnews.net\/#\/schema\/person\/82c8bed2e77879ecf6cca63441f57354"},"breadcrumb":{"@id":"https:\/\/lesvolcansnews.net\/?p=2985#breadcrumb"},"inLanguage":"fr-FR","potentialAction":[{"@type":"ReadAction","target":["https:\/\/lesvolcansnews.net\/?p=2985"]}]},{"@type":"ImageObject","inLanguage":"fr-FR","@id":"https:\/\/lesvolcansnews.net\/?p=2985#primaryimage","url":"https:\/\/lesvolcansnews.net\/wp-content\/uploads\/2019\/04\/Can-2019-la-RD-Congo-exclut-au-profit-du-Maroc-1.jpg","contentUrl":"https:\/\/lesvolcansnews.net\/wp-content\/uploads\/2019\/04\/Can-2019-la-RD-Congo-exclut-au-profit-du-Maroc-1.jpg","width":696,"height":289},{"@type":"BreadcrumbList","@id":"https:\/\/lesvolcansnews.net\/?p=2985#breadcrumb","itemListElement":[{"@type":"ListItem","position":1,"name":"Accueil","item":"https:\/\/lesvolcansnews.net\/"},{"@type":"ListItem","position":2,"name":"Elimin U23 : Coup de tonneres dans la tani\u00e8re de l\u00e9opardaux, le Maroc rep\u00each\u00e9"}]},{"@type":"WebSite","@id":"https:\/\/lesvolcansnews.net\/#website","url":"https:\/\/lesvolcansnews.net\/","name":"LES VOLCANS NEWS","description":"L&#039;INFORMATION C&#039;EST NOUS","potentialAction":[{"@type":"SearchAction","target":{"@type":"EntryPoint","urlTemplate":"https:\/\/lesvolcansnews.net\/?s={search_term_string}"},"query-input":{"@type":"PropertyValueSpecification","valueRequired":true,"valueName":"search_term_string"}}],"inLanguage":"fr-FR"},{"@type":"Person","@id":"https:\/\/lesvolcansnews.net\/#\/schema\/person\/82c8bed2e77879ecf6cca63441f57354","name":"R\u00e9daction - Les Volcans News","image":{"@type":"ImageObject","inLanguage":"fr-FR","@id":"https:\/\/secure.gravatar.com\/avatar\/8408942dd851e8a9c09f3d382a661bc05d2b3cd9002139bc1795b9528cdc6c80?s=96&d=mm&r=g","url":"https:\/\/secure.gravatar.com\/avatar\/8408942dd851e8a9c09f3d382a661bc05d2b3cd9002139bc1795b9528cdc6c80?s=96&d=mm&r=g","contentUrl":"https:\/\/secure.gravatar.com\/avatar\/8408942dd851e8a9c09f3d382a661bc05d2b3cd9002139bc1795b9528cdc6c80?s=96&d=mm&r=g","caption":"R\u00e9daction - Les Volcans News"},"url":"https:\/\/lesvolcansnews.net\/?author=14"}]}},"_links":{"self":[{"href":"https:\/\/lesvolcansnews.net\/index.php?rest_route=\/wp\/v2\/posts\/2985","targetHints":{"allow":["GET"]}}],"collection":[{"href":"https:\/\/lesvolcansnews.net\/index.php?rest_route=\/wp\/v2\/posts"}],"about":[{"href":"https:\/\/lesvolcansnews.net\/index.php?rest_route=\/wp\/v2\/types\/post"}],"author":[{"embeddable":true,"href":"https:\/\/lesvolcansnews.net\/index.php?rest_route=\/wp\/v2\/users\/14"}],"replies":[{"embeddable":true,"href":"https:\/\/lesvolcansnews.net\/index.php?rest_route=%2Fwp%2Fv2%2Fcomments&post=2985"}],"version-history":[{"count":0,"href":"https:\/\/lesvolcansnews.net\/index.php?rest_route=\/wp\/v2\/posts\/2985\/revisions"}],"wp:featuredmedia":[{"embeddable":true,"href":"https:\/\/lesvolcansnews.net\/index.php?rest_route=\/wp\/v2\/media\/2984"}],"wp:attachment":[{"href":"https:\/\/lesvolcansnews.net\/index.php?rest_route=%2Fwp%2Fv2%2Fmedia&parent=2985"}],"wp:term":[{"taxonomy":"category","embeddable":true,"href":"https:\/\/lesvolcansnews.net\/index.php?rest_route=%2Fwp%2Fv2%2Fcategories&post=2985"},{"taxonomy":"post_tag","embeddable":true,"href":"https:\/\/lesvolcansnews.net\/index.php?rest_route=%2Fwp%2Fv2%2Ftags&post=2985"}],"curies":[{"name":"wp","href":"https:\/\/api.w.org\/{rel}","templated":true}]}}